{"id":38,"date":"2009-04-28T15:26:59","date_gmt":"2009-04-28T19:26:59","guid":{"rendered":"http:\/\/www.ksiazeksport.com\/polsports\/?p=38"},"modified":"2009-04-28T15:26:59","modified_gmt":"2009-04-28T19:26:59","slug":"piata-lokata-mancina","status":"publish","type":"post","link":"https:\/\/www.ksiazeksport.com\/polsports\/piata-lokata-mancina\/","title":{"rendered":"Pi\u0105ta lokata Mancina"},"content":{"rendered":"<p>Oto dalsze informacje o wyst\u0119pie naszych rajdowc\u00f3w w drugiej elminacji mistrzostw USA, kt\u00f3ra rozegrana zosta\u0142a podczas weekendu w Missouri.<\/p>\n<p>Rajd \u201c100 Acre Wood\u201d rozgrywany w okolicy miasteczka Salem w stanie Missouri to juz druga eliminacja cyklu Rally America. Rajd rozegrano w dniach 27-28 lutego 2009 na odcinkach szutrowych w okolicznych lasach.<\/p>\n<p>Do rajdu wystartowaly cztery zalogi polonijne z Chicago i jedna zaloga z Polski;<br \/>\nPolish American Rally Team: Jaroslaw Sozanski &#8211; Bartosz Sawicki, Subaru Impreza WRX<br \/>\nPPD Motorsport Rally Team: Piotr Wiktorczyk &#8211; Grzegorz Dorman, Subaru Impreza WRX-STi<br \/>\nPakos Rally Team, Roman Pakos &#8211; Maciej Sawicki, Subaru Impreza WRX-STi<br \/>\nArt Rally Team: Arkadiusz Gruszka \u2013 Lukasz Wro\u0144ski, Mitsubishi Lancer EVO IX<br \/>\nRevo Rally Team &#8211; Polska: Andi Mancin \u2013 Maciej Wislawski, Mitsubishi Lancer EVO IX<br \/>\n<!--more--><br \/>\nSamochody Subaru wystartwaly w nowo utworzonej klasie Super Production GT, a samochody Mitsubishi zaliczone s\u0105 do najsilniejszej klasy open i rywalizowaly w klasie ze \u015bcis\u0142\u0105 czo\u0142\u00f3wk\u0105 rajdowc\u00f3w USA &#8211; Pastran\u0105, Blockiem, Foustem i Comrie-Picardem.<\/p>\n","protected":false},"excerpt":{"rendered":"<p>Oto dalsze informacje o wyst\u0119pie naszych rajdowc\u00f3w w drugiej elminacji mistrzostw USA, kt\u00f3ra rozegrana zosta\u0142a podczas weekendu w Missouri. Rajd \u201c100 Acre Wood\u201d rozgrywany w okolicy miasteczka Salem w stanie Missouri to juz druga eliminacja cyklu Rally America. Rajd rozegrano w dniach 27-28 lutego 2009 na odcinkach szutrowych w okolicznych lasach. Do rajdu wystartowaly cztery [&#8230;]\n","protected":false},"author":1,"featured_media":0,"comment_status":"open","ping_status":"open","sticky":false,"template":"","format":"standard","meta":[],"categories":[10],"tags":[],"_links":{"self":[{"href":"https:\/\/www.ksiazeksport.com\/polsports\/wp-json\/wp\/v2\/posts\/38"}],"collection":[{"href":"https:\/\/www.ksiazeksport.com\/polsports\/wp-json\/wp\/v2\/posts"}],"about":[{"href":"https:\/\/www.ksiazeksport.com\/polsports\/wp-json\/wp\/v2\/types\/post"}],"author":[{"embeddable":true,"href":"https:\/\/www.ksiazeksport.com\/polsports\/wp-json\/wp\/v2\/users\/1"}],"replies":[{"embeddable":true,"href":"https:\/\/www.ksiazeksport.com\/polsports\/wp-json\/wp\/v2\/comments?post=38"}],"version-history":[{"count":1,"href":"https:\/\/www.ksiazeksport.com\/polsports\/wp-json\/wp\/v2\/posts\/38\/revisions"}],"predecessor-version":[{"id":39,"href":"https:\/\/www.ksiazeksport.com\/polsports\/wp-json\/wp\/v2\/posts\/38\/revisions\/39"}],"wp:attachment":[{"href":"https:\/\/www.ksiazeksport.com\/polsports\/wp-json\/wp\/v2\/media?parent=38"}],"wp:term":[{"taxonomy":"category","embeddable":true,"href":"https:\/\/www.ksiazeksport.com\/polsports\/wp-json\/wp\/v2\/categories?post=38"},{"taxonomy":"post_tag","embeddable":true,"href":"https:\/\/www.ksiazeksport.com\/polsports\/wp-json\/wp\/v2\/tags?post=38"}],"curies":[{"name":"wp","href":"https:\/\/api.w.org\/{rel}","templated":true}]}}