{"id":34750,"date":"2026-04-05T17:22:42","date_gmt":"2026-04-05T21:22:42","guid":{"rendered":"https:\/\/www.ksiazeksport.com\/polsports\/?p=34750"},"modified":"2026-04-05T17:52:24","modified_gmt":"2026-04-05T21:52:24","slug":"w-alpach-austriackich-nie-brakowalo-sniegu","status":"publish","type":"post","link":"https:\/\/www.ksiazeksport.com\/polsports\/w-alpach-austriackich-nie-brakowalo-sniegu\/","title":{"rendered":"W Alpach austriackich nie brakowa\u0142o \u015bniegu"},"content":{"rendered":"<p>&nbsp;<\/p>\n<p>&nbsp;<\/p>\n<p>Nie uda\u0142o si\u0119 przeprowadzi\u0107 w tym roku Mi\u0119dzynarodowych Mistrzostw Polonii\u00a0 w narciarstwie alpejskm i snowboardzie, natomiast \u015bmnigu mie brakowa\u0142o w\u00a0 Alpach, o czym\u00a0\u00a0\u00a0 donosi dr Bronisla Otawiec w nades\u0142anej nam obszernej relacji z XXIX \u015awiatoiwydhowych Mistrzostw Lekarzy Polonijnychj w narcirstwie alpejskim \u201eKS Bronek\u201d,\u00a0 kt\u00f3re odby\u0142y si\u0119 ostatnio na stoku Buchemen w Alpach austriackich.<br \/>\nZawodom rozegranym w niepowtarzalnej zimowej scenerii alpejskiej,. Podczas Mistrzostw na stoku Buchemen (1150 m) by\u0142y wy\u015bmienite warunki \u015bniegowe<\/p>\n<p><a href=\"https:\/\/www.ksiazeksport.com\/polsports\/wp-content\/uploads\/2026\/04\/3.6.jpg\"><img decoding=\"async\" loading=\"lazy\" class=\"aligncenter size-full wp-image-34751\" src=\"https:\/\/www.ksiazeksport.com\/polsports\/wp-content\/uploads\/2026\/04\/3.6.jpg\" alt=\"\" width=\"550\" height=\"394\" srcset=\"https:\/\/www.ksiazeksport.com\/polsports\/wp-content\/uploads\/2026\/04\/3.6.jpg 550w, https:\/\/www.ksiazeksport.com\/polsports\/wp-content\/uploads\/2026\/04\/3.6-300x215.jpg 300w\" sizes=\"(max-width: 550px) 100vw, 550px\" \/><\/a><\/p>\n<p>W zimowisku uczestniczy\u0142y 154 osoby z 12 pa\u0144stw: Anglii, Australii, Bia\u0142orusi,\u00a0 Niemiec, Norwegii, Polski, Portugalii, Szwajcarii, Szwecji, Stan\u00f3w Zjednoczonych, Wielkiej Brytanii i W\u0142och.<\/p>\n<p>&nbsp;<\/p>\n<p>Chicago reprezentowane by\u0142o przez dr Halin\u0119 Aniol i dr Bronis\u0142awa Orawca, kt\u00f3ry tradycyjnie by\u0142 organizatorem mistrzostw. Oboje odnie\u015bli znacz\u0105e sukcesy.<\/p>\n<p>Oto ich wyniki.<\/p>\n<p>W grupie lekarskiej pa\u0144 powy\u017cej 65 r.\u017c. najlepsz\u0105 okaza\u0142a si\u0119 Klaudia Krzy\u017canowska (Niemcy), II miejsce zaj\u0119\u0142a Halina Anio\u0142 (USA),<\/p>\n<p><em><a href=\"https:\/\/www.ksiazeksport.com\/polsports\/wp-content\/uploads\/2026\/04\/28..jpg\"><img decoding=\"async\" loading=\"lazy\" class=\"aligncenter size-full wp-image-34752\" src=\"https:\/\/www.ksiazeksport.com\/polsports\/wp-content\/uploads\/2026\/04\/28..jpg\" alt=\"\" width=\"550\" height=\"562\" srcset=\"https:\/\/www.ksiazeksport.com\/polsports\/wp-content\/uploads\/2026\/04\/28..jpg 550w, https:\/\/www.ksiazeksport.com\/polsports\/wp-content\/uploads\/2026\/04\/28.-294x300.jpg 294w\" sizes=\"(max-width: 550px) 100vw, 550px\" \/><\/a><strong>Klasyfikacja generalna pa\u0144 lekarek wg przelicznika FIS z pucharami, medalami i dyplomami. Od lewej: Halina Anio\u0142 (II miejsce, USA), Klaudia Krzy\u017canowski (I miejsce, Niemcy), Mariola Jab\u0142o\u0144ski (III miejsce, Niemcy). Z prawej fundator puchar\u00f3w B. Orawiec<\/strong><\/em><\/p>\n<p>W\u015br\u00f3d lekarzy grupy powy\u017cej 75 r.\u017c. I miejsce zdoby\u0142 Bronis\u0142aw Orawiec (USA),na drugim miejscu uplasowa\u0142 si\u0119 Lech Polo\u0144ski (Polska),<\/p>\n<p>W klasyfikacji generalnej lekarzy z uwzgl\u0119dnieniem wieku wg przelicznika FIS w\u015br\u00f3d pa\u0144 I miejsce zdoby\u0142a Klaudia Krzy\u017canowska (Niemcy), II miejsce zaj\u0119\u0142a Halina Anio\u0142 (USA), a III &#8211; Mariola Jab\u0142o\u0144ski<\/p>\n<p><a href=\"https:\/\/www.ksiazeksport.com\/polsports\/wp-content\/uploads\/2026\/04\/29..jpg\"><img decoding=\"async\" loading=\"lazy\" class=\"aligncenter size-full wp-image-34753\" src=\"https:\/\/www.ksiazeksport.com\/polsports\/wp-content\/uploads\/2026\/04\/29..jpg\" alt=\"\" width=\"550\" height=\"383\" srcset=\"https:\/\/www.ksiazeksport.com\/polsports\/wp-content\/uploads\/2026\/04\/29..jpg 550w, https:\/\/www.ksiazeksport.com\/polsports\/wp-content\/uploads\/2026\/04\/29.-300x209.jpg 300w\" sizes=\"(max-width: 550px) 100vw, 550px\" \/><\/a>.<\/p>\n<p>Natomiast w\u015br\u00f3d pan\u00f3w lekarzy triumfowa\u0142 Bronis\u0142aw Orawiec (USA), II miejsce zdoby\u0142 Lech Polo\u0144ski (Polska), a III\u00a0 Zbigniew Jab\u0142o\u0144ski (Niemcy).<\/p>\n<p>W konkurencji dru\u017cynowej I miejsce wywalczyli Robert<\/p>\n<p>Gintrowicz i Zbigniew Jab\u0142o\u0144ski (Niemcy), II miejsce zdobyli Bronis\u0142aw Orawiec i Halina Anio\u0142 (USA), a III &#8211; Lech Polo\u0144ski i Grzegorz Ceryn (Polska).<\/p>\n<p><a href=\"https:\/\/www.ksiazeksport.com\/polsports\/wp-content\/uploads\/2026\/04\/30..jpg\"><img decoding=\"async\" loading=\"lazy\" class=\"aligncenter size-full wp-image-34754\" src=\"https:\/\/www.ksiazeksport.com\/polsports\/wp-content\/uploads\/2026\/04\/30..jpg\" alt=\"\" width=\"550\" height=\"362\" srcset=\"https:\/\/www.ksiazeksport.com\/polsports\/wp-content\/uploads\/2026\/04\/30..jpg 550w, https:\/\/www.ksiazeksport.com\/polsports\/wp-content\/uploads\/2026\/04\/30.-300x197.jpg 300w\" sizes=\"(max-width: 550px) 100vw, 550px\" \/><\/a><\/p>\n<p><em><strong>Zwyci\u0119skie dru\u017cyny. Od lewej: dr Marek Meinert &#8211; sekretarz Federacji Polonijnych Organizacji Medycznych (FPOM) (sponsor puchar\u00f3w dla dru\u017cyn),<\/strong><\/em><\/p>\n<p>Bronis\u0142aw Orawiec i Halina Anio\u0142 (II miejsce, USA), Zbigniew Jab\u0142o\u0144ski i RobertGintrowicz (I miejsce, Niemcy), Lech Polo\u0144ski i Grzegorz Ceryn (III miejsce, Polska)..<\/p>\n<p>Uroczyste zako\u0144czenie Mistrzostw odby\u0142o si\u0119 w hotelu Aparthotel Bellevue w Bad Gastein, Austria. Imprez\u0119 prowadzi\u0142 dr Bronis\u0142aw Orawiec,kt\u00f3ry podsumowuj\u0105c program sportowy zimowiska, podkre\u015bli\u0142 korzystny wp\u0142yw sportu na zdrowie fizyczne i psychiczne uczestnik\u00f3w oraz zaprezentowa\u0142 hymn Klubu Sportowego \u201eBronek&#8221;, kt\u00f3rego autorem jest podhala\u0144ski poeta Franciszek \u0141ojas-Ko\u015b<\/p>\n<p><a href=\"https:\/\/www.ksiazeksport.com\/polsports\/wp-content\/uploads\/2026\/04\/6.7.jpg\"><img decoding=\"async\" loading=\"lazy\" class=\"aligncenter size-full wp-image-34764\" src=\"https:\/\/www.ksiazeksport.com\/polsports\/wp-content\/uploads\/2026\/04\/6.7.jpg\" alt=\"\" width=\"550\" height=\"206\" srcset=\"https:\/\/www.ksiazeksport.com\/polsports\/wp-content\/uploads\/2026\/04\/6.7.jpg 550w, https:\/\/www.ksiazeksport.com\/polsports\/wp-content\/uploads\/2026\/04\/6.7-300x112.jpg 300w\" sizes=\"(max-width: 550px) 100vw, 550px\" \/><\/a><em><strong>Zbiorowe zdj\u0119cie uczestnik\u00f3w&#8230;<\/strong><\/em><\/p>\n<p><strong>Zdj\u0119cia &#8211; B. Orawiec<\/strong><\/p>\n<p>&nbsp;<\/p>\n<p>&nbsp;<\/p>\n<p>e<\/p>\n","protected":false},"excerpt":{"rendered":"<p>&nbsp; &nbsp; Nie uda\u0142o si\u0119 przeprowadzi\u0107 w tym roku Mi\u0119dzynarodowych Mistrzostw Polonii\u00a0 w narciarstwie alpejskm i snowboardzie, natomiast \u015bmnigu mie brakowa\u0142o w\u00a0 Alpach, o czym\u00a0\u00a0\u00a0 donosi dr Bronisla Otawiec w nades\u0142anej nam obszernej relacji z XXIX \u015awiatoiwydhowych Mistrzostw Lekarzy Polonijnychj w narcirstwie alpejskim \u201eKS Bronek\u201d,\u00a0 kt\u00f3re odby\u0142y si\u0119 ostatnio na stoku Buchemen w Alpach austriackich. [&#8230;]\n","protected":false},"author":3,"featured_media":0,"comment_status":"closed","ping_status":"closed","sticky":false,"template":"","format":"standard","meta":[],"categories":[14],"tags":[],"_links":{"self":[{"href":"https:\/\/www.ksiazeksport.com\/polsports\/wp-json\/wp\/v2\/posts\/34750"}],"collection":[{"href":"https:\/\/www.ksiazeksport.com\/polsports\/wp-json\/wp\/v2\/posts"}],"about":[{"href":"https:\/\/www.ksiazeksport.com\/polsports\/wp-json\/wp\/v2\/types\/post"}],"author":[{"embeddable":true,"href":"https:\/\/www.ksiazeksport.com\/polsports\/wp-json\/wp\/v2\/users\/3"}],"replies":[{"embeddable":true,"href":"https:\/\/www.ksiazeksport.com\/polsports\/wp-json\/wp\/v2\/comments?post=34750"}],"version-history":[{"count":5,"href":"https:\/\/www.ksiazeksport.com\/polsports\/wp-json\/wp\/v2\/posts\/34750\/revisions"}],"predecessor-version":[{"id":34765,"href":"https:\/\/www.ksiazeksport.com\/polsports\/wp-json\/wp\/v2\/posts\/34750\/revisions\/34765"}],"wp:attachment":[{"href":"https:\/\/www.ksiazeksport.com\/polsports\/wp-json\/wp\/v2\/media?parent=34750"}],"wp:term":[{"taxonomy":"category","embeddable":true,"href":"https:\/\/www.ksiazeksport.com\/polsports\/wp-json\/wp\/v2\/categories?post=34750"},{"taxonomy":"post_tag","embeddable":true,"href":"https:\/\/www.ksiazeksport.com\/polsports\/wp-json\/wp\/v2\/tags?post=34750"}],"curies":[{"name":"wp","href":"https:\/\/api.w.org\/{rel}","templated":true}]}}