{"id":34659,"date":"2026-03-07T20:49:33","date_gmt":"2026-03-08T00:49:33","guid":{"rendered":"https:\/\/www.ksiazeksport.com\/polsports\/?p=34659"},"modified":"2026-03-07T20:49:33","modified_gmt":"2026-03-08T00:49:33","slug":"puchar-koziolka-matolka-odwolany","status":"publish","type":"post","link":"https:\/\/www.ksiazeksport.com\/polsports\/puchar-koziolka-matolka-odwolany\/","title":{"rendered":"Puchar Kozio\u0142ka Mato\u0142ka odwo\u0142any"},"content":{"rendered":"<p>&nbsp;<\/p>\n<p>Prognozy pogidy nie by\u0142y w ostatnim okresie pomy\u015blne dka narciarzy, Zgodnie z przypuszczeniami zawody dla najm\u0142odszych o Puchar Kozio\u0142ka Mato\u0142ka zaplanowane na 8 marca, zosta\u0142y definitywnie odwo\u0142ane. Pow\u00f3d\u00a0 &#8211; brak \u015bniegu w Wilmot. Pierwotnie mia\u0142y one zosta\u0107 przeprowadzone 22 lutego, ale\u00a0 i wtedy w Wilmot brakowa\u0142o \u015bniegu.<\/p>\n","protected":false},"excerpt":{"rendered":"<p>&nbsp; Prognozy pogidy nie by\u0142y w ostatnim okresie pomy\u015blne dka narciarzy, Zgodnie z przypuszczeniami zawody dla najm\u0142odszych o Puchar Kozio\u0142ka Mato\u0142ka zaplanowane na 8 marca, zosta\u0142y definitywnie odwo\u0142ane. Pow\u00f3d\u00a0 &#8211; brak \u015bniegu w Wilmot. Pierwotnie mia\u0142y one zosta\u0107 przeprowadzone 22 lutego, ale\u00a0 i wtedy w Wilmot brakowa\u0142o \u015bniegu.<\/p>\n","protected":false},"author":3,"featured_media":0,"comment_status":"closed","ping_status":"closed","sticky":false,"template":"","format":"standard","meta":[],"categories":[1],"tags":[],"_links":{"self":[{"href":"https:\/\/www.ksiazeksport.com\/polsports\/wp-json\/wp\/v2\/posts\/34659"}],"collection":[{"href":"https:\/\/www.ksiazeksport.com\/polsports\/wp-json\/wp\/v2\/posts"}],"about":[{"href":"https:\/\/www.ksiazeksport.com\/polsports\/wp-json\/wp\/v2\/types\/post"}],"author":[{"embeddable":true,"href":"https:\/\/www.ksiazeksport.com\/polsports\/wp-json\/wp\/v2\/users\/3"}],"replies":[{"embeddable":true,"href":"https:\/\/www.ksiazeksport.com\/polsports\/wp-json\/wp\/v2\/comments?post=34659"}],"version-history":[{"count":1,"href":"https:\/\/www.ksiazeksport.com\/polsports\/wp-json\/wp\/v2\/posts\/34659\/revisions"}],"predecessor-version":[{"id":34660,"href":"https:\/\/www.ksiazeksport.com\/polsports\/wp-json\/wp\/v2\/posts\/34659\/revisions\/34660"}],"wp:attachment":[{"href":"https:\/\/www.ksiazeksport.com\/polsports\/wp-json\/wp\/v2\/media?parent=34659"}],"wp:term":[{"taxonomy":"category","embeddable":true,"href":"https:\/\/www.ksiazeksport.com\/polsports\/wp-json\/wp\/v2\/categories?post=34659"},{"taxonomy":"post_tag","embeddable":true,"href":"https:\/\/www.ksiazeksport.com\/polsports\/wp-json\/wp\/v2\/tags?post=34659"}],"curies":[{"name":"wp","href":"https:\/\/api.w.org\/{rel}","templated":true}]}}