{"id":34535,"date":"2026-02-06T21:22:10","date_gmt":"2026-02-07T01:22:10","guid":{"rendered":"https:\/\/www.ksiazeksport.com\/polsports\/?p=34535"},"modified":"2026-02-06T21:22:10","modified_gmt":"2026-02-07T01:22:10","slug":"patryk-gruszka-rozpoczzyna-nowy-sezon","status":"publish","type":"post","link":"https:\/\/www.ksiazeksport.com\/polsports\/patryk-gruszka-rozpoczzyna-nowy-sezon\/","title":{"rendered":"Patryk Gruszka rozpoczzyna nowy sezon"},"content":{"rendered":"<p>&nbsp;<\/p>\n<p>Rozpoczyna si\u0119 sezon rajdowy w Ameryce. Czwartek by\u0142 ostatnim dniem test\u00f3w nowego auta Patryka Gruszki. Testy wypad\u0142y pomy\u015blnie i w piatek start na ostro<\/p>\n<p>Oto kr\u00f3tka relacja przed startem przebywaj\u0105cego w Atalancie (Michigan) na miejscu rajdu \u201eSno*w Driff Rally\u201d, \u00a0naszego specjalisty rajdowego \u2013 Bartka Stypy.<\/p>\n<p>&#8211; W Michigan zima w pe\u0142ni i sporo \u015bniegu. W ramach APU Rally Team Arka Gruszki by\u0142y gotowe dp startu w pierwszej eliminacji rajdowych mistrzostw Ameryki (ARA) dwa Hundaye:<\/p>\n<ul>\n<li>Patryk Gruszka i Florian Barral w aucie klasy Rally 2 (WRC 2<\/li>\n<li>Alister Scully i S.Trajkov w aucie R5 (starsza specyfikacja). Oba auta super przygotowane pod okiem Arka i jego zespolu mechanikow i serwisantow.Liczna ekipa prezentuje sie super profesjonalnie.GratulacjeRozpocz\u0105\u0142 si\u0119 sezon rajdowy w Ameryce. Czwartek by\u0142 ostatnim dniem test\u00f3w nowego auta Patryka Gruszki. Testy wypad\u0142y pomy\u015blnie i w piatek start na ostro\n<p>Oto kr\u00f3tka relacja przed startem przebywaj\u0105cego w Atalancie (Michigan) na miejscu rajdu \u201eSno*w Driff Rally\u201d, \u00a0naszego specjalisty rajdowego \u2013 Bartka Stypy.<\/p>\n<p>&#8211; W Michigan zima w pe\u0142ni i sporo \u015bniegu. W ramach APU Rally Team Arka Gruszki by\u0142y gotowe dp startu w pierwszej eliminacji rajdowych mistrzostw Ameryki (ARA) dwa Hundaye:<\/p>\n<ul>\n<li>Patryk Gruszka i Florian Barral w aucie klasy Rally 2 (WRC 2<\/li>\n<li>Alister Scully i S.Trajkov w aucie R5 (starsza specyfikacja). Oba auta super przygotowane pod okiem Arka i jego zespolu mechanikow i serwisantow.Liczna ekipa prezentuje sie super profesjonalnie.Gratulacje<\/li>\n<\/ul>\n<\/li>\n<\/ul>\n","protected":false},"excerpt":{"rendered":"<p>&nbsp; Rozpoczyna si\u0119 sezon rajdowy w Ameryce. Czwartek by\u0142 ostatnim dniem test\u00f3w nowego auta Patryka Gruszki. Testy wypad\u0142y pomy\u015blnie i w piatek start na ostro Oto kr\u00f3tka relacja przed startem przebywaj\u0105cego w Atalancie (Michigan) na miejscu rajdu \u201eSno*w Driff Rally\u201d, \u00a0naszego specjalisty rajdowego \u2013 Bartka Stypy. &#8211; W Michigan zima w pe\u0142ni i sporo \u015bniegu. [&#8230;]\n","protected":false},"author":3,"featured_media":0,"comment_status":"closed","ping_status":"closed","sticky":false,"template":"","format":"standard","meta":[],"categories":[10],"tags":[],"_links":{"self":[{"href":"https:\/\/www.ksiazeksport.com\/polsports\/wp-json\/wp\/v2\/posts\/34535"}],"collection":[{"href":"https:\/\/www.ksiazeksport.com\/polsports\/wp-json\/wp\/v2\/posts"}],"about":[{"href":"https:\/\/www.ksiazeksport.com\/polsports\/wp-json\/wp\/v2\/types\/post"}],"author":[{"embeddable":true,"href":"https:\/\/www.ksiazeksport.com\/polsports\/wp-json\/wp\/v2\/users\/3"}],"replies":[{"embeddable":true,"href":"https:\/\/www.ksiazeksport.com\/polsports\/wp-json\/wp\/v2\/comments?post=34535"}],"version-history":[{"count":1,"href":"https:\/\/www.ksiazeksport.com\/polsports\/wp-json\/wp\/v2\/posts\/34535\/revisions"}],"predecessor-version":[{"id":34536,"href":"https:\/\/www.ksiazeksport.com\/polsports\/wp-json\/wp\/v2\/posts\/34535\/revisions\/34536"}],"wp:attachment":[{"href":"https:\/\/www.ksiazeksport.com\/polsports\/wp-json\/wp\/v2\/media?parent=34535"}],"wp:term":[{"taxonomy":"category","embeddable":true,"href":"https:\/\/www.ksiazeksport.com\/polsports\/wp-json\/wp\/v2\/categories?post=34535"},{"taxonomy":"post_tag","embeddable":true,"href":"https:\/\/www.ksiazeksport.com\/polsports\/wp-json\/wp\/v2\/tags?post=34535"}],"curies":[{"name":"wp","href":"https:\/\/api.w.org\/{rel}","templated":true}]}}