{"id":34457,"date":"2026-01-18T23:31:11","date_gmt":"2026-01-19T03:31:11","guid":{"rendered":"https:\/\/www.ksiazeksport.com\/polsports\/?p=34457"},"modified":"2026-01-20T16:27:07","modified_gmt":"2026-01-20T20:27:07","slug":"medale-karatekow-seiken-dojo-w-albany","status":"publish","type":"post","link":"https:\/\/www.ksiazeksport.com\/polsports\/medale-karatekow-seiken-dojo-w-albany\/","title":{"rendered":"Medale karatek\u00f3w Seiken\u00a0 Dojo w Albany"},"content":{"rendered":"<p>&nbsp;<\/p>\n<p>Podczas ostatniego e w Albany (NY) <u>odby\u0142y<\/u> si\u0119 Miedzynarodowe Wagowe Mistgrastw Stan\u00f3w Zjednoczonych IFK Karate\u00a0 Kyokushkin USA,<\/p>\n<p>W Mistrzostwach startowa\u0142o oko\u0142o 300 zawodnik\u00f3w i zawodniczek\u00a0 z USA, Kanady , Wielkiej Brytanii, Niemiec , Chin , Azerbejd\u017canu , Aruby i Indii \u00a0W\u015br od nich siedmiu karatek\u00f3w grup Seiken Dojo sensei Marka Ociesielskiego<\/p>\n<p><a href=\"https:\/\/www.ksiazeksport.com\/polsports\/wp-content\/uploads\/2026\/01\/IMG_07850012-1.jpg\"><img decoding=\"async\" loading=\"lazy\" class=\"aligncenter size-full wp-image-34468\" src=\"https:\/\/www.ksiazeksport.com\/polsports\/wp-content\/uploads\/2026\/01\/IMG_07850012-1.jpg\" alt=\"\" width=\"550\" height=\"551\" srcset=\"https:\/\/www.ksiazeksport.com\/polsports\/wp-content\/uploads\/2026\/01\/IMG_07850012-1.jpg 550w, https:\/\/www.ksiazeksport.com\/polsports\/wp-content\/uploads\/2026\/01\/IMG_07850012-1-300x300.jpg 300w, https:\/\/www.ksiazeksport.com\/polsports\/wp-content\/uploads\/2026\/01\/IMG_07850012-1-150x150.jpg 150w\" sizes=\"(max-width: 550px) 100vw, 550px\" \/><\/a><\/p>\n<p>Z\u0142ote medale w walkach\u00a0 i tytu\u0142y Mistrz\u00f3w i Mistrzy\u0144 Ameryki zdobyli : Emilka Ci\u0119\u017cad\u0142o , Amelia Liszka , Oskar Madejczyk i Franiu Wiertek , kt\u00f3ry obie walki wygra\u0142 przez Ippon &#8211; przed czasem , srebrny medal wywalczy\u0142a Natasha Babuscak a br\u0105zowy Gabrysia Godek.<\/p>\n<p><a href=\"https:\/\/www.ksiazeksport.com\/polsports\/wp-content\/uploads\/2026\/01\/IMG_7289.HEIC2_.jpg\"><img decoding=\"async\" loading=\"lazy\" class=\"aligncenter size-full wp-image-34473\" src=\"https:\/\/www.ksiazeksport.com\/polsports\/wp-content\/uploads\/2026\/01\/IMG_7289.HEIC2_.jpg\" alt=\"\" width=\"550\" height=\"732\" srcset=\"https:\/\/www.ksiazeksport.com\/polsports\/wp-content\/uploads\/2026\/01\/IMG_7289.HEIC2_.jpg 550w, https:\/\/www.ksiazeksport.com\/polsports\/wp-content\/uploads\/2026\/01\/IMG_7289.HEIC2_-225x300.jpg 225w\" sizes=\"(max-width: 550px) 100vw, 550px\" \/><\/a><\/p>\n<p>Ponadto w kata : srebrny medal\u00a0 zdoby\u0142 Franiu Wiertek \u00a0,br\u0105zowy &#8211; \u00a0Gabrysia Godek i Amelia Liszka a tu\u017c za podium i czwarte miejsce zdoby\u0142a Julia Godek<\/p>\n<p>.<\/p>\n<p>Oto podsumowanie sensei Marka Occiesielskiego..<br \/>\n&#8211;\u00a0\u00a0\u00a0\u00a0\u00a0\u00a0\u00a0 Mistrzostwa jak zwykle sta\u0142y na\u00a0 wysokim poziomie,\u00a0 zar\u00f3wno sportowym jak i organizacji, moi podopieczni jak zawsze stan\u0119li na wysoko\u015bci zadania, do kt\u00f3rego przygotowuje si\u0119 z wielkim szacunkiem i zaanga\u017cowanie. W tym miejscu jako Sensei chcia\u0142bym bardzo podzi\u0119kowa\u0107 wszystkim kt\u00f3rzy przyczynili si\u0119 do tego \u00a0sukcesu , mojej kochanej Iwonce\u2019 wam drodzy Rodzice\u00a0\u00a0 jeste\u015bcie niesamowici, moi Sensei : Czes\u0142aw Koszyk , Mateusz Nieszala, Karol Nasuta\u00a0 \u0141ukasz Masio , Januszek Rog , Rafa\u0142 Kszczotek<\/p>\n<p><em><strong>\u00a0<\/strong><\/em><\/p>\n","protected":false},"excerpt":{"rendered":"<p>&nbsp; Podczas ostatniego e w Albany (NY) odby\u0142y si\u0119 Miedzynarodowe Wagowe Mistgrastw Stan\u00f3w Zjednoczonych IFK Karate\u00a0 Kyokushkin USA, W Mistrzostwach startowa\u0142o oko\u0142o 300 zawodnik\u00f3w i zawodniczek\u00a0 z USA, Kanady , Wielkiej Brytanii, Niemiec , Chin , Azerbejd\u017canu , Aruby i Indii \u00a0W\u015br od nich siedmiu karatek\u00f3w grup Seiken Dojo sensei Marka Ociesielskiego Z\u0142ote medale w [&#8230;]\n","protected":false},"author":3,"featured_media":0,"comment_status":"closed","ping_status":"closed","sticky":false,"template":"","format":"standard","meta":[],"categories":[11],"tags":[],"_links":{"self":[{"href":"https:\/\/www.ksiazeksport.com\/polsports\/wp-json\/wp\/v2\/posts\/34457"}],"collection":[{"href":"https:\/\/www.ksiazeksport.com\/polsports\/wp-json\/wp\/v2\/posts"}],"about":[{"href":"https:\/\/www.ksiazeksport.com\/polsports\/wp-json\/wp\/v2\/types\/post"}],"author":[{"embeddable":true,"href":"https:\/\/www.ksiazeksport.com\/polsports\/wp-json\/wp\/v2\/users\/3"}],"replies":[{"embeddable":true,"href":"https:\/\/www.ksiazeksport.com\/polsports\/wp-json\/wp\/v2\/comments?post=34457"}],"version-history":[{"count":3,"href":"https:\/\/www.ksiazeksport.com\/polsports\/wp-json\/wp\/v2\/posts\/34457\/revisions"}],"predecessor-version":[{"id":34474,"href":"https:\/\/www.ksiazeksport.com\/polsports\/wp-json\/wp\/v2\/posts\/34457\/revisions\/34474"}],"wp:attachment":[{"href":"https:\/\/www.ksiazeksport.com\/polsports\/wp-json\/wp\/v2\/media?parent=34457"}],"wp:term":[{"taxonomy":"category","embeddable":true,"href":"https:\/\/www.ksiazeksport.com\/polsports\/wp-json\/wp\/v2\/categories?post=34457"},{"taxonomy":"post_tag","embeddable":true,"href":"https:\/\/www.ksiazeksport.com\/polsports\/wp-json\/wp\/v2\/tags?post=34457"}],"curies":[{"name":"wp","href":"https:\/\/api.w.org\/{rel}","templated":true}]}}