{"id":34269,"date":"2025-11-15T20:19:48","date_gmt":"2025-11-16T00:19:48","guid":{"rendered":"https:\/\/www.ksiazeksport.com\/polsports\/?p=34269"},"modified":"2025-11-15T21:29:35","modified_gmt":"2025-11-16T01:29:35","slug":"bartek-stypa-o-rajdach-w-europie-4","status":"publish","type":"post","link":"https:\/\/www.ksiazeksport.com\/polsports\/bartek-stypa-o-rajdach-w-europie-4\/","title":{"rendered":"Bartek Stypa o rajdach w Europie (4)"},"content":{"rendered":"<p>Rajd Wisly jest sztandarow\u0105 imprez\u0105 Automobilklubu \u015al\u0105skiego, kt\u00f3rego jestem czlonkiem od 1966 roku.Automobilklub \u015al\u0105ski to ponad 100-letnia tradycja. W listopadzie 2024 roku mialem \u00a0przyjemno\u015b\u0107 uczestniczy\u0107 w uroczystych obchodach 100-lecia jego istnienia.<\/p>\n<p>Rajd Wisly to te\u017c ogromna tradycja. Po rajdzie Monte Carlo i Rajdzie Polski, to trzeci najstarszy rajd w Europie, a mo\u017ce i na \u015bwiecie. Zawsze bylem zwi\u0105zany z tym rajdem.Na poczatku w obs\u0142udze s\u0119dziowskiej, a\u017c do wielokrotnego pe\u0142nienia funkcji komandora sportowego.<\/p>\n<p>.W dniach 24-25 pazdziernika 2025 rozegrano 69 Rajd Wisly jako VII eliminacje rajdowych Mistrzostw Poludnia.\u00a0 50 za\u0142\u00f3g na starcie. Jak to cz\u0119sto bywa\u0142o w Rajdach Wis\u0142y, warunki byly ekstremalnie trudne. Ulewny desz, zmienna przyczepno\u015b\u0107, li\u015bcie na drodze oraz waska i kreta trasa wymaga\u0142y \u00a0super skupienia i uwagi.10 odcinkow specjalnych w okolicy Wisly i Ustronia zdominowal zeszloroczny Mistrz Polski Jaros\u0142aw Szeja w Skodzie Rally 2-wygral je wszystkie..<\/p>\n<p><a href=\"https:\/\/www.ksiazeksport.com\/polsports\/wp-content\/uploads\/2025\/11\/Szeja-2.jpg\"><img decoding=\"async\" loading=\"lazy\" class=\"aligncenter size-full wp-image-34270\" src=\"https:\/\/www.ksiazeksport.com\/polsports\/wp-content\/uploads\/2025\/11\/Szeja-2.jpg\" alt=\"\" width=\"550\" height=\"367\" srcset=\"https:\/\/www.ksiazeksport.com\/polsports\/wp-content\/uploads\/2025\/11\/Szeja-2.jpg 550w, https:\/\/www.ksiazeksport.com\/polsports\/wp-content\/uploads\/2025\/11\/Szeja-2-300x200.jpg 300w\" sizes=\"(max-width: 550px) 100vw, 550px\" \/><\/a><em><strong>Triumfator rajdu &#8211; Jaros\u0142aw Szeja i\u00a0 Bartek Styp\u0105<\/strong><\/em><\/p>\n<p>W piatek wieczorem start w strugach deszczu na placu Hoffa w Wisle oswietlonym wielkim ko\u0142em m\u0142y\u0144skim z tysi\u0105cem silnych lamp. Mialem okazje honorowo wystartowa\u0107 wiele za\u0142\u00f3g, machaj\u0105c flag\u0105 startow\u0105. Auta pojecha\u0142y do Jaszowca , do walki na bardzo sliskich i podstepnych drogach..Sobota byla pogodna i sloneczna, ale na jezdni raz sucho, raz mokro.Ruletka na zakr\u0119tach \u00a0&#8211; przesycha na wej\u015bciu,a na wyjscu woda,liscie, b\u0142oto i nanoszony na droge szuter i piasek.<\/p>\n<p><strong><a href=\"https:\/\/www.ksiazeksport.com\/polsports\/wp-content\/uploads\/2025\/11\/IMG_7898.jpg\">.<img decoding=\"async\" loading=\"lazy\" class=\"aligncenter size-full wp-image-34271\" src=\"https:\/\/www.ksiazeksport.com\/polsports\/wp-content\/uploads\/2025\/11\/IMG_7898.jpg\" alt=\"\" width=\"550\" height=\"497\" srcset=\"https:\/\/www.ksiazeksport.com\/polsports\/wp-content\/uploads\/2025\/11\/IMG_7898.jpg 550w, https:\/\/www.ksiazeksport.com\/polsports\/wp-content\/uploads\/2025\/11\/IMG_7898-300x271.jpg 300w\" sizes=\"(max-width: 550px) 100vw, 550px\" \/><\/a><em>Start w strugach ulewnego deszczu. Bartek Stypa wypuszcza na tras\u0119 kolejn\u0105 za\u0142\u00f3g\u0119<\/em><\/strong> \u00a0\u00a0\u00a0\u00a0\u00a0\u00a0\u00a0\u00a0\u00a0\u00a0\u00a0\u00a0\u00a0\u00a0\u00a0\u00a0\u00a0\u00a0\u00a0\u00a0\u00a0\u00a0\u00a0\u00a0\u00a0\u00a0\u00a0\u00a0\u00a0\u00a0\u00a0\u00a0\u00a0\u00a0\u00a0\u00a0\u00a0\u00a0\u00a0\u00a0\u00a0\u00a0\u00a0\u00a0\u00a0\u00a0\u00a0\u00a0\u00a0\u00a0\u00a0\u00a0\u00a0\u00a0\u00a0\u00a0\u00a0\u00a0\u00a0\u00a0\u00a0\u00a0\u00a0\u00a0\u00a0\u00a0\u00a0\u00a0\u00a0\u00a0\u00a0\u00a0\u00a0\u00a0\u00a0\u00a0\u00a0\u00a0\u00a0\u00a0\u00a0\u00a0\u00a0\u00a0\u00a0\u00a0\u00a0\u00a0\u00a0\u00a0\u00a0\u00a0\u00a0\u00a0\u00a0\u00a0\u00a0\u00a0\u00a0\u00a0\u00a0\u00a0\u00a0\u00a0\u00a0\u00a0\u00a0\u00a0\u00a0\u00a0\u00a0\u00a0\u00a0\u00a0\u00a0\u00a0\u00a0\u00a0\u00a0\u00a0\u00a0\u00a0\u00a0\u00a0\u00a0\u00a0\u00a0\u00a0\u00a0\u00a0\u00a0\u00a0\u00a0\u00a0\u00a0\u00a0\u00a0\u00a0\u00a0\u00a0\u00a0\u00a0\u00a0\u00a0\u00a0\u00a0\u00a0\u00a0\u00a0\u00a0\u00a0\u00a0\u00a0\u00a0\u00a0\u00a0\u00a0\u00a0\u00a0\u00a0\u00a0\u00a0\u00a0\u00a0\u00a0\u00a0\u00a0\u00a0\u00a0\u00a0\u00a0\u00a0\u00a0\u00a0\u00a0\u00a0\u00a0\u00a0\u00a0\u00a0\u00a0\u00a0\u00a0\u00a0\u00a0\u00a0\u00a0\u00a0\u00a0\u00a0\u00a0\u00a0\u00a0\u00a0\u00a0\u00a0\u00a0\u00a0\u00a0\u00a0\u00a0\u00a0\u00a0\u00a0\u00a0\u00a0\u00a0\u00a0\u00a0\u00a0\u00a0\u00a0\u00a0\u00a0\u00a0\u00a0\u00a0\u00a0\u00a0\u00a0\u00a0\u00a0\u00a0\u00a0\u00a0\u00a0\u00a0\u00a0\u00a0\u00a0\u00a0\u00a0\u00a0\u00a0\u00a0\u00a0\u00a0\u00a0\u00a0\u00a0\u00a0\u00a0\u00a0\u00a0\u00a0\u00a0\u00a0\u00a0\u00a0\u00a0\u00a0\u00a0\u00a0\u00a0\u00a0\u00a0\u00a0\u00a0\u00a0\u00a0\u00a0\u00a0\u00a0\u00a0\u00a0\u00a0\u00a0\u00a0\u00a0\u00a0\u00a0\u00a0\u00a0\u00a0\u00a0\u00a0\u00a0 Ruletka\u00a0\u00a0\u00a0 oponiarska \u2013 zak\u0142ada\u0107 ,deszczowe a moze sliki to pytanie prawie bez odpowiedzi dla nowoczesnych aut rajdowych jak i startujacych w rajdzie \u201ehistorykow\u201d ( Trabant, Fiat 126 P,Opel ( Bublewicz),Ford ( Kulig ) i kilka mlodszych rajd\u00f3wek ) By\u0142y \u00a0tez super nowe &#8211; \u00a0Toyota Yaris i Lancia,<\/p>\n<p>&nbsp;<\/p>\n<p>Rajd wygra\u0142a za\u0142oga Szeja-Radecki (nietypowo, bo to dw\u00f3ch kierowc\u00f3w) przed zaloga Wr\u00f3blewski &#8211; Chrzanowski w Yarisie. \u00a0Baza Rajdu znajdowala sie na wybiegu skoczni Adama Ma\u0142ysza.\u00a0 Marcianna Grenda,\u00a0 prezes\u00a0 Automobilkubu \u015bl\u0105skiego i Andrzej Szkuta V-ce Prezes oraz dyrektor rajdu Dominik Ochojski przygotowali wspanialy rajd i super opraw\u0119. Gratulacje dla setki ludzi obs\u0142uguj\u0105cych t\u0119 imprez\u0119..<\/p>\n<p><strong><a href=\"https:\/\/www.ksiazeksport.com\/polsports\/wp-content\/uploads\/2025\/11\/555555555555555555555555555.jpg\"><img decoding=\"async\" loading=\"lazy\" class=\"aligncenter size-full wp-image-34272\" src=\"https:\/\/www.ksiazeksport.com\/polsports\/wp-content\/uploads\/2025\/11\/555555555555555555555555555.jpg\" alt=\"\" width=\"550\" height=\"367\" srcset=\"https:\/\/www.ksiazeksport.com\/polsports\/wp-content\/uploads\/2025\/11\/555555555555555555555555555.jpg 550w, https:\/\/www.ksiazeksport.com\/polsports\/wp-content\/uploads\/2025\/11\/555555555555555555555555555-300x200.jpg 300w\" sizes=\"(max-width: 550px) 100vw, 550px\" \/><\/a><em>To by\u0142y czasy&#8230; Fiaciki 126 p tak\u017ce kiedy\u015bstartowa\u0142yy w tych rajdach<\/em><\/strong><\/p>\n","protected":false},"excerpt":{"rendered":"<p>Rajd Wisly jest sztandarow\u0105 imprez\u0105 Automobilklubu \u015al\u0105skiego, kt\u00f3rego jestem czlonkiem od 1966 roku.Automobilklub \u015al\u0105ski to ponad 100-letnia tradycja. W listopadzie 2024 roku mialem \u00a0przyjemno\u015b\u0107 uczestniczy\u0107 w uroczystych obchodach 100-lecia jego istnienia. Rajd Wisly to te\u017c ogromna tradycja. Po rajdzie Monte Carlo i Rajdzie Polski, to trzeci najstarszy rajd w Europie, a mo\u017ce i na \u015bwiecie. [&#8230;]\n","protected":false},"author":3,"featured_media":0,"comment_status":"closed","ping_status":"closed","sticky":false,"template":"","format":"standard","meta":[],"categories":[10,1],"tags":[],"_links":{"self":[{"href":"https:\/\/www.ksiazeksport.com\/polsports\/wp-json\/wp\/v2\/posts\/34269"}],"collection":[{"href":"https:\/\/www.ksiazeksport.com\/polsports\/wp-json\/wp\/v2\/posts"}],"about":[{"href":"https:\/\/www.ksiazeksport.com\/polsports\/wp-json\/wp\/v2\/types\/post"}],"author":[{"embeddable":true,"href":"https:\/\/www.ksiazeksport.com\/polsports\/wp-json\/wp\/v2\/users\/3"}],"replies":[{"embeddable":true,"href":"https:\/\/www.ksiazeksport.com\/polsports\/wp-json\/wp\/v2\/comments?post=34269"}],"version-history":[{"count":5,"href":"https:\/\/www.ksiazeksport.com\/polsports\/wp-json\/wp\/v2\/posts\/34269\/revisions"}],"predecessor-version":[{"id":34279,"href":"https:\/\/www.ksiazeksport.com\/polsports\/wp-json\/wp\/v2\/posts\/34269\/revisions\/34279"}],"wp:attachment":[{"href":"https:\/\/www.ksiazeksport.com\/polsports\/wp-json\/wp\/v2\/media?parent=34269"}],"wp:term":[{"taxonomy":"category","embeddable":true,"href":"https:\/\/www.ksiazeksport.com\/polsports\/wp-json\/wp\/v2\/categories?post=34269"},{"taxonomy":"post_tag","embeddable":true,"href":"https:\/\/www.ksiazeksport.com\/polsports\/wp-json\/wp\/v2\/tags?post=34269"}],"curies":[{"name":"wp","href":"https:\/\/api.w.org\/{rel}","templated":true}]}}