{"id":34256,"date":"2025-11-10T15:47:03","date_gmt":"2025-11-10T19:47:03","guid":{"rendered":"https:\/\/www.ksiazeksport.com\/polsports\/?p=34256"},"modified":"2025-11-10T15:48:32","modified_gmt":"2025-11-10T19:48:32","slug":"bartek-stypa-o-rajdach-w-europie-3","status":"publish","type":"post","link":"https:\/\/www.ksiazeksport.com\/polsports\/bartek-stypa-o-rajdach-w-europie-3\/","title":{"rendered":"Bartek Stypa o rajdach w Europie (3)"},"content":{"rendered":"<p>&nbsp;<\/p>\n<p>Jak jest \u015brodek pa\u017adziernika, to jeste\u015bmy w Austrii. W dniach 16-19 pa\u017adziernika rozegrano Rajd Europy Centralnej, eliminacje Mistrzostw Swiata WRC.Byla to 12-ta. runda z 16-tu . Do konca sezonu zostala asflaltowa Japonia i calkiem nowy rajd w Arabi Saudyjskiej Ale na razie jeste\u015bmy w Europie a rajd rozgrywany jest na terenie trzech panstw ( Niemcy,Austria i Czechy ).<\/p>\n<p>Trwa bardzo ostra walka o tytu\u0142 Mistrza Swiata WRC .Na czele trzy Toyoty Yaris Rally 1,Ogier,Evans i Ravanpera ale blisko Tanak w Hundayu i tylko z matematycznymi szansami ubiegloroczny mistrz Nouville.Trzy panstwa i bardzo r\u00f3\u017cne warunki drogowe. W Niemczech bardzo duzo ogranicznik\u00f3w. Za to w Czechach drogi wyboiste, w\u0105skie,brudne i duzo ci\u0119\u0107. Zdecydowanie &#8211; odcinki czeskie najtrudniejsze i decydujace o wynikach.<\/p>\n<p>&nbsp;<\/p>\n<p>W pi\u0105tek Ogier na prowadzeniu przed Fourmeaux i Tanakiem.Ostra walka na odcinku Coldejan). Nouville \u0142apie gume na tylnej prawej i traci sporo, ale jest 15 minut na zmian\u0119 k\u00f3\u0142 wKapocach ( Czechy) .Na koniec dnia utworzyly sie dwie pary w walce na ulamki sekund.Ogier 0.6 sek nad Rawanpera i Evans tuz przed Tanakiem a z nimi Fourmeaux i Nouville.W sobote tez jazda z Niemiec do Czech i fatalny pech Ogiera.Jazda na defekcie ko\u0142a ko\u0144czy sie uderzeniem w drzewo i wyrwaniem calego lewego przedniego zawieszenia.Ravanpera juz nie oddal prowadzenia do konca i wygral z duza przewag\u0105.Tanak pokonal Evansa na odcinku Klatowe i wyszrd\u0142 na 2 miejsce.<\/p>\n<p><strong><a href=\"https:\/\/www.ksiazeksport.com\/polsports\/wp-content\/uploads\/2025\/11\/Ogier-crasch.jpg\"><img decoding=\"async\" loading=\"lazy\" class=\"aligncenter size-full wp-image-34257\" src=\"https:\/\/www.ksiazeksport.com\/polsports\/wp-content\/uploads\/2025\/11\/Ogier-crasch.jpg\" alt=\"\" width=\"550\" height=\"367\" srcset=\"https:\/\/www.ksiazeksport.com\/polsports\/wp-content\/uploads\/2025\/11\/Ogier-crasch.jpg 550w, https:\/\/www.ksiazeksport.com\/polsports\/wp-content\/uploads\/2025\/11\/Ogier-crasch-300x200.jpg 300w\" sizes=\"(max-width: 550px) 100vw, 550px\" \/><\/a><em>Tak wyglada\u0142 konec jazdy prowadz\u0105cego w rajdzie Ogiera<\/em><\/strong><\/p>\n<p><a href=\"https:\/\/www.ksiazeksport.com\/polsports\/wp-content\/uploads\/2025\/11\/urwane-kolo.jpg\"><img decoding=\"async\" loading=\"lazy\" class=\"aligncenter size-full wp-image-34258\" src=\"https:\/\/www.ksiazeksport.com\/polsports\/wp-content\/uploads\/2025\/11\/urwane-kolo.jpg\" alt=\"\" width=\"550\" height=\"367\" srcset=\"https:\/\/www.ksiazeksport.com\/polsports\/wp-content\/uploads\/2025\/11\/urwane-kolo.jpg 550w, https:\/\/www.ksiazeksport.com\/polsports\/wp-content\/uploads\/2025\/11\/urwane-kolo-300x200.jpg 300w\" sizes=\"(max-width: 550px) 100vw, 550px\" \/><\/a><em><strong>Urwane ko\u0142o w aucie Ogiera&#8230;..<\/strong><\/em><\/p>\n<p>Niedziela to Niemcy i Austria i do zdobycia 5 pkt za niedziele i 5 pkt za power stage.Popis Ogiera, ktory zgarn\u0105\u0142 te 10 punktow i jest w walce o tytul. Nouville nie opanowal Hundaya na mostku \u00a0uderzy\u0142 w balot i bariere i dla niego \u00a0koniec jazdy. Tanak wypadl w tym samym miejscu ale sie wyratowa\u0142 jazd\u0105 poza tras\u0105.Tym razem power stage Wolf byl najd\u0142u\u017cszy w rajdzie w odr\u00f3\u017cnieniu od poprzedniego rajdu gdzie power stage byl bardzo krotki.Na power stage na czele 5 Toyot i Toyota jest\u00a0 ju\u017c Mistrzem \u015awiata producent\u00f3w na 2025 rok \u00a0po raz 9-ty w historii.<\/p>\n<p>Rajd wygral Ravanpera przed Evansem i Tanakiem. W kategorii Rally 2 zdecydowana dominacja m\u0142odego Oliviera Solberga, ktory w generalce tez byl bardzo wysoko miedzy autami Rally 1.Niebawem rajd Japonii nowe emocje i rozstrzygniecia Ja trzymam kciuki za Evansa i licz\u0119 \u017ce utrzyma prowadzenie do konca i zostanie Mistrzem Swiata. Bylismy na wzg\u00f3rzu. gdzie zwyci\u0119\u017cy\u0142 kr\u00f3l Sobieski i zwiedzilismy Wieden Habsburgow. a teraz czekamy na najwazniejsz\u0105 cz\u0119\u015b\u0107 wyprawy rajdowej, czyli najblizszy mi \u00a0RAJD WISLY. \\<\/p>\n<p>Piatek i sobota w Wisle i Ustroniu , a w poniedzialek do domu w Algonquin. Super miesiac. Relacja z Wisly niebawem.\u00a0 Rajd byl wspania\u0142y pod kazdym wzgledem.<\/p>\n<p>Pozdrawiam Bartek, \u00a0albo Dziadek Bartek !!!<\/p>\n","protected":false},"excerpt":{"rendered":"<p>&nbsp; Jak jest \u015brodek pa\u017adziernika, to jeste\u015bmy w Austrii. W dniach 16-19 pa\u017adziernika rozegrano Rajd Europy Centralnej, eliminacje Mistrzostw Swiata WRC.Byla to 12-ta. runda z 16-tu . Do konca sezonu zostala asflaltowa Japonia i calkiem nowy rajd w Arabi Saudyjskiej Ale na razie jeste\u015bmy w Europie a rajd rozgrywany jest na terenie trzech panstw ( [&#8230;]\n","protected":false},"author":3,"featured_media":0,"comment_status":"closed","ping_status":"closed","sticky":false,"template":"","format":"standard","meta":[],"categories":[10],"tags":[],"_links":{"self":[{"href":"https:\/\/www.ksiazeksport.com\/polsports\/wp-json\/wp\/v2\/posts\/34256"}],"collection":[{"href":"https:\/\/www.ksiazeksport.com\/polsports\/wp-json\/wp\/v2\/posts"}],"about":[{"href":"https:\/\/www.ksiazeksport.com\/polsports\/wp-json\/wp\/v2\/types\/post"}],"author":[{"embeddable":true,"href":"https:\/\/www.ksiazeksport.com\/polsports\/wp-json\/wp\/v2\/users\/3"}],"replies":[{"embeddable":true,"href":"https:\/\/www.ksiazeksport.com\/polsports\/wp-json\/wp\/v2\/comments?post=34256"}],"version-history":[{"count":2,"href":"https:\/\/www.ksiazeksport.com\/polsports\/wp-json\/wp\/v2\/posts\/34256\/revisions"}],"predecessor-version":[{"id":34260,"href":"https:\/\/www.ksiazeksport.com\/polsports\/wp-json\/wp\/v2\/posts\/34256\/revisions\/34260"}],"wp:attachment":[{"href":"https:\/\/www.ksiazeksport.com\/polsports\/wp-json\/wp\/v2\/media?parent=34256"}],"wp:term":[{"taxonomy":"category","embeddable":true,"href":"https:\/\/www.ksiazeksport.com\/polsports\/wp-json\/wp\/v2\/categories?post=34256"},{"taxonomy":"post_tag","embeddable":true,"href":"https:\/\/www.ksiazeksport.com\/polsports\/wp-json\/wp\/v2\/tags?post=34256"}],"curies":[{"name":"wp","href":"https:\/\/api.w.org\/{rel}","templated":true}]}}