{"id":34127,"date":"2025-10-09T21:45:33","date_gmt":"2025-10-10T01:45:33","guid":{"rendered":"https:\/\/www.ksiazeksport.com\/polsports\/?p=34127"},"modified":"2025-10-10T16:17:23","modified_gmt":"2025-10-10T20:17:23","slug":"zegnamy-gienka-milona","status":"publish","type":"post","link":"https:\/\/www.ksiazeksport.com\/polsports\/zegnamy-gienka-milona\/","title":{"rendered":"\u017begnamy Gienka Milona"},"content":{"rendered":"<p>&nbsp;<\/p>\n<p>Z g\u0142\u0119bokim \u017calem zawiadamiamy, i\u017c 8 pa\u017adziernika po d\u0142ugiej, trwaj\u0105cej cztery lata walce \u00a0z chorob\u0105 \u00a0nowotworow\u0105, w wieku 63 lat zmar\u0142 EUGENIUSZ MILON, by\u0142y prezes Ligi Podhala\u0144skiej, za\u0142o\u017cyciel\u00a0 klub\u00f3w w Lidze Podhala\u0144skiej &#8211; Bia\u0142ki i Czarnej \u00a0\u00a0 G\u00f3ry \u00a0(p\u00f3\u017aniejsza nazwa Orion).<\/p>\n<p>Pe\u0142ni\u0142 funkcj\u0119 prezesa Ligi Podhala\u0144skiej najpierw przez p\u00f3\u0142\u00a0 roku w 1999, a nast\u0119pnie przez 8 lat (2004-2012). Eugeniusz Milon by\u0142 tak\u017ce s\u0119dzi\u0105 pi\u0142karskim.<\/p>\n<p>&#8211; To by\u0142 dobry kolega, dobrze si\u0119 z nim pracowa\u0142o \u2013 wspomina jego nast\u0119pca, obecny sternik g\u00f3ralskiej ligi \u2013 Tomek Grela.<\/p>\n<p>Po\u017cegnanie Zmar\u0142ego\u00a0 \u015bp. EugeniuszaMilona nast\u0105pi\u00a0 w Zarzycki Funeral Home w Yellow Springs w pi\u0105tek 10 pazdziernika,w godz.3-8 p.m.\u00a0 W nast\u0119pnym dniu, w sobot\u0119 11 pazdziernika o gpdz. 10 a.m.odb\u0119d\u0105 si\u0119 uroczysto\u015bci pogrzebowe\u00a0 w ko\u015bciele \u015aw Fabiana w Bridgeview.<\/p>\n<p><strong><a href=\"https:\/\/www.ksiazeksport.com\/polsports\/wp-content\/uploads\/2025\/10\/img404.jpg\"><img decoding=\"async\" loading=\"lazy\" class=\"aligncenter size-full wp-image-34130\" src=\"https:\/\/www.ksiazeksport.com\/polsports\/wp-content\/uploads\/2025\/10\/img404.jpg\" alt=\"\" width=\"550\" height=\"325\" srcset=\"https:\/\/www.ksiazeksport.com\/polsports\/wp-content\/uploads\/2025\/10\/img404.jpg 550w, https:\/\/www.ksiazeksport.com\/polsports\/wp-content\/uploads\/2025\/10\/img404-300x177.jpg 300w\" sizes=\"(max-width: 550px) 100vw, 550px\" \/><\/a><em>Prezes Eugeniusz Milon z zespo\u0142em Orion,, rok 2006<\/em><\/strong><\/p>\n","protected":false},"excerpt":{"rendered":"<p>&nbsp; Z g\u0142\u0119bokim \u017calem zawiadamiamy, i\u017c 8 pa\u017adziernika po d\u0142ugiej, trwaj\u0105cej cztery lata walce \u00a0z chorob\u0105 \u00a0nowotworow\u0105, w wieku 63 lat zmar\u0142 EUGENIUSZ MILON, by\u0142y prezes Ligi Podhala\u0144skiej, za\u0142o\u017cyciel\u00a0 klub\u00f3w w Lidze Podhala\u0144skiej &#8211; Bia\u0142ki i Czarnej \u00a0\u00a0 G\u00f3ry \u00a0(p\u00f3\u017aniejsza nazwa Orion). Pe\u0142ni\u0142 funkcj\u0119 prezesa Ligi Podhala\u0144skiej najpierw przez p\u00f3\u0142\u00a0 roku w 1999, a nast\u0119pnie [&#8230;]\n","protected":false},"author":3,"featured_media":0,"comment_status":"closed","ping_status":"closed","sticky":false,"template":"","format":"standard","meta":[],"categories":[13,15],"tags":[],"_links":{"self":[{"href":"https:\/\/www.ksiazeksport.com\/polsports\/wp-json\/wp\/v2\/posts\/34127"}],"collection":[{"href":"https:\/\/www.ksiazeksport.com\/polsports\/wp-json\/wp\/v2\/posts"}],"about":[{"href":"https:\/\/www.ksiazeksport.com\/polsports\/wp-json\/wp\/v2\/types\/post"}],"author":[{"embeddable":true,"href":"https:\/\/www.ksiazeksport.com\/polsports\/wp-json\/wp\/v2\/users\/3"}],"replies":[{"embeddable":true,"href":"https:\/\/www.ksiazeksport.com\/polsports\/wp-json\/wp\/v2\/comments?post=34127"}],"version-history":[{"count":4,"href":"https:\/\/www.ksiazeksport.com\/polsports\/wp-json\/wp\/v2\/posts\/34127\/revisions"}],"predecessor-version":[{"id":34134,"href":"https:\/\/www.ksiazeksport.com\/polsports\/wp-json\/wp\/v2\/posts\/34127\/revisions\/34134"}],"wp:attachment":[{"href":"https:\/\/www.ksiazeksport.com\/polsports\/wp-json\/wp\/v2\/media?parent=34127"}],"wp:term":[{"taxonomy":"category","embeddable":true,"href":"https:\/\/www.ksiazeksport.com\/polsports\/wp-json\/wp\/v2\/categories?post=34127"},{"taxonomy":"post_tag","embeddable":true,"href":"https:\/\/www.ksiazeksport.com\/polsports\/wp-json\/wp\/v2\/tags?post=34127"}],"curies":[{"name":"wp","href":"https:\/\/api.w.org\/{rel}","templated":true}]}}