{"id":34077,"date":"2025-09-28T21:59:13","date_gmt":"2025-09-29T01:59:13","guid":{"rendered":"https:\/\/www.ksiazeksport.com\/polsports\/?p=34077"},"modified":"2025-09-29T14:36:51","modified_gmt":"2025-09-29T18:36:51","slug":"rekordowe-gorskie-kolarstwo","status":"publish","type":"post","link":"https:\/\/www.ksiazeksport.com\/polsports\/rekordowe-gorskie-kolarstwo\/","title":{"rendered":"Rekordowe g\u00f3rskie kolarstwo"},"content":{"rendered":"<p>&nbsp;<\/p>\n<p><a href=\"https:\/\/www.ksiazeksport.com\/polsports\/wp-content\/uploads\/2025\/09\/Resized_20250928_130644.jpg\"><img decoding=\"async\" loading=\"lazy\" class=\"aligncenter size-full wp-image-34091\" src=\"https:\/\/www.ksiazeksport.com\/polsports\/wp-content\/uploads\/2025\/09\/Resized_20250928_130644.jpg\" alt=\"\" width=\"444\" height=\"658\" srcset=\"https:\/\/www.ksiazeksport.com\/polsports\/wp-content\/uploads\/2025\/09\/Resized_20250928_130644.jpg 444w, https:\/\/www.ksiazeksport.com\/polsports\/wp-content\/uploads\/2025\/09\/Resized_20250928_130644-202x300.jpg 202w\" sizes=\"(max-width: 444px) 100vw, 444px\" \/><\/a><\/p>\n<p>Ju\u017c po raz dziesi\u0105ty klub narciarski TATRY zorganizowa\u0142 doroczny wy\u015bcig prze\u0142ajowy w kolarstwie g\u00f3rskim. Wspania\u0142a, wr\u0119cz letnia aura przyczyni\u0142a si\u0119 do rekordowej obsady \u2013 na starcie stan\u0119\u0142o 48 kolarzy g\u00f3rskich, o 10 wi\u0119cej ani\u017celi przed rokiem. Spor\u0105 cz\u0119\u015b\u0107 stanowili cz\u0142onkowie klubu TATRY, dla kt\u00f3rych kolarstwo jest dobrym sportem uzupe\u0142niaj\u0105cym. Ale licznie przybyli i z innych polonijnych klub\u00f3w w aglomeracji chicagowskiej \u2013 Szprychy, Tlenu i Dziurski Team. .<br \/>\nZawody, kt\u00f3re rozegrano na trudnej technicznie trasie w Paul Douglas Woods, by\u0142y bardzo udane. Przejechano oko\u0142o 10 milowa p\u0119tl\u0105, po\u0142o\u017con\u0105 we wschodniej cz\u0119\u015bci lasu<br \/>\nPo zako\u0144czeniu cz\u0119\u015bci sportowej, przy smacznym posi\u0142ku przygotowanym przez klub TATRY. d\u0142ugo toczy\u0142y si\u0119 na mecie rozmowy i wspomnienia z innych start\u00f3w w g\u00f3rskim kolarstwie..<br \/>\n.<br \/>\nOto wyniki<\/p>\n<p><strong>Overall<\/strong><br \/>\n1. \u0141ukasz Drogowski 42.40 min.<br \/>\n2. Javier Parez 42.59<br \/>\n3. Janusz Rajski 43.23<br \/>\n4. Grzegorz Dziubek 43.38<br \/>\n5. Ryszard Szczepaniak 44.01<br \/>\n6. Pawe\u0142 Wilk 45.06 min.<\/p>\n<p><strong>Najlepsi w grupach wiekowych<\/strong><\/p>\n<p>KOBIETY<br \/>\nMirian Stefanovic 56.43 min<\/p>\n<p>M\u0118\u017bCZY\u017bNI<br \/>\n9-18 lat Sebastian Szymczak 54.02 min<br \/>\n19-45 lat Javier Perez 42,.59<br \/>\n46-55 lat \u0141ukasz Drogowski 42.40<br \/>\n56 lat i powy\u017cej Jan Krupa 46.00 min<br \/>\n<a href=\"https:\/\/www.ksiazeksport.com\/polsports\/wp-content\/uploads\/2025\/09\/IMG_5262.jpg\"><img decoding=\"async\" loading=\"lazy\" class=\"aligncenter size-full wp-image-34078\" src=\"https:\/\/www.ksiazeksport.com\/polsports\/wp-content\/uploads\/2025\/09\/IMG_5262.jpg\" alt=\"\" width=\"660\" height=\"710\" srcset=\"https:\/\/www.ksiazeksport.com\/polsports\/wp-content\/uploads\/2025\/09\/IMG_5262.jpg 660w, https:\/\/www.ksiazeksport.com\/polsports\/wp-content\/uploads\/2025\/09\/IMG_5262-279x300.jpg 279w\" sizes=\"(max-width: 660px) 100vw, 660px\" \/><\/a><a href=\"https:\/\/www.ksiazeksport.com\/polsports\/wp-content\/uploads\/2025\/09\/IMG_5255-1.jpg\"><img decoding=\"async\" loading=\"lazy\" class=\"aligncenter size-full wp-image-34086\" src=\"https:\/\/www.ksiazeksport.com\/polsports\/wp-content\/uploads\/2025\/09\/IMG_5255-1.jpg\" alt=\"\" width=\"550\" height=\"413\" srcset=\"https:\/\/www.ksiazeksport.com\/polsports\/wp-content\/uploads\/2025\/09\/IMG_5255-1.jpg 550w, https:\/\/www.ksiazeksport.com\/polsports\/wp-content\/uploads\/2025\/09\/IMG_5255-1-300x225.jpg 300w\" sizes=\"(max-width: 550px) 100vw, 550px\" \/><\/a><a href=\"https:\/\/www.ksiazeksport.com\/polsports\/wp-content\/uploads\/2025\/09\/IMG_5256.jpg\"><img decoding=\"async\" loading=\"lazy\" class=\"aligncenter size-full wp-image-34085\" src=\"https:\/\/www.ksiazeksport.com\/polsports\/wp-content\/uploads\/2025\/09\/IMG_5256.jpg\" alt=\"\" width=\"550\" height=\"413\" srcset=\"https:\/\/www.ksiazeksport.com\/polsports\/wp-content\/uploads\/2025\/09\/IMG_5256.jpg 550w, https:\/\/www.ksiazeksport.com\/polsports\/wp-content\/uploads\/2025\/09\/IMG_5256-300x225.jpg 300w\" sizes=\"(max-width: 550px) 100vw, 550px\" \/><\/a><a href=\"https:\/\/www.ksiazeksport.com\/polsports\/wp-content\/uploads\/2025\/09\/IMG_52583.jpg\"><img decoding=\"async\" loading=\"lazy\" class=\"aligncenter size-full wp-image-34087\" src=\"https:\/\/www.ksiazeksport.com\/polsports\/wp-content\/uploads\/2025\/09\/IMG_52583.jpg\" alt=\"\" width=\"550\" height=\"413\" srcset=\"https:\/\/www.ksiazeksport.com\/polsports\/wp-content\/uploads\/2025\/09\/IMG_52583.jpg 550w, https:\/\/www.ksiazeksport.com\/polsports\/wp-content\/uploads\/2025\/09\/IMG_52583-300x225.jpg 300w\" sizes=\"(max-width: 550px) 100vw, 550px\" \/><\/a><a href=\"https:\/\/www.ksiazeksport.com\/polsports\/wp-content\/uploads\/2025\/09\/IMG_5259.jpg\"><img decoding=\"async\" loading=\"lazy\" class=\"aligncenter size-full wp-image-34088\" src=\"https:\/\/www.ksiazeksport.com\/polsports\/wp-content\/uploads\/2025\/09\/IMG_5259.jpg\" alt=\"\" width=\"550\" height=\"338\" srcset=\"https:\/\/www.ksiazeksport.com\/polsports\/wp-content\/uploads\/2025\/09\/IMG_5259.jpg 550w, https:\/\/www.ksiazeksport.com\/polsports\/wp-content\/uploads\/2025\/09\/IMG_5259-300x184.jpg 300w\" sizes=\"(max-width: 550px) 100vw, 550px\" \/><\/a><\/p>\n","protected":false},"excerpt":{"rendered":"<p>&nbsp; Ju\u017c po raz dziesi\u0105ty klub narciarski TATRY zorganizowa\u0142 doroczny wy\u015bcig prze\u0142ajowy w kolarstwie g\u00f3rskim. Wspania\u0142a, wr\u0119cz letnia aura przyczyni\u0142a si\u0119 do rekordowej obsady \u2013 na starcie stan\u0119\u0142o 48 kolarzy g\u00f3rskich, o 10 wi\u0119cej ani\u017celi przed rokiem. Spor\u0105 cz\u0119\u015b\u0107 stanowili cz\u0142onkowie klubu TATRY, dla kt\u00f3rych kolarstwo jest dobrym sportem uzupe\u0142niaj\u0105cym. Ale licznie przybyli i z [&#8230;]\n","protected":false},"author":3,"featured_media":0,"comment_status":"closed","ping_status":"closed","sticky":false,"template":"","format":"standard","meta":[],"categories":[11,1],"tags":[],"_links":{"self":[{"href":"https:\/\/www.ksiazeksport.com\/polsports\/wp-json\/wp\/v2\/posts\/34077"}],"collection":[{"href":"https:\/\/www.ksiazeksport.com\/polsports\/wp-json\/wp\/v2\/posts"}],"about":[{"href":"https:\/\/www.ksiazeksport.com\/polsports\/wp-json\/wp\/v2\/types\/post"}],"author":[{"embeddable":true,"href":"https:\/\/www.ksiazeksport.com\/polsports\/wp-json\/wp\/v2\/users\/3"}],"replies":[{"embeddable":true,"href":"https:\/\/www.ksiazeksport.com\/polsports\/wp-json\/wp\/v2\/comments?post=34077"}],"version-history":[{"count":6,"href":"https:\/\/www.ksiazeksport.com\/polsports\/wp-json\/wp\/v2\/posts\/34077\/revisions"}],"predecessor-version":[{"id":34092,"href":"https:\/\/www.ksiazeksport.com\/polsports\/wp-json\/wp\/v2\/posts\/34077\/revisions\/34092"}],"wp:attachment":[{"href":"https:\/\/www.ksiazeksport.com\/polsports\/wp-json\/wp\/v2\/media?parent=34077"}],"wp:term":[{"taxonomy":"category","embeddable":true,"href":"https:\/\/www.ksiazeksport.com\/polsports\/wp-json\/wp\/v2\/categories?post=34077"},{"taxonomy":"post_tag","embeddable":true,"href":"https:\/\/www.ksiazeksport.com\/polsports\/wp-json\/wp\/v2\/tags?post=34077"}],"curies":[{"name":"wp","href":"https:\/\/api.w.org\/{rel}","templated":true}]}}