{"id":33203,"date":"2025-02-06T15:59:26","date_gmt":"2025-02-06T19:59:26","guid":{"rendered":"https:\/\/www.ksiazeksport.com\/polsports\/?p=33203"},"modified":"2025-02-06T19:54:33","modified_gmt":"2025-02-06T23:54:33","slug":"33203-2","status":"publish","type":"post","link":"https:\/\/www.ksiazeksport.com\/polsports\/33203-2\/","title":{"rendered":"Sukcesy polonijnych karatek\u00f3w&#8230; \u00b7"},"content":{"rendered":"<p>\u00b7 Pomy\u015blne wie\u015bci nap\u0142yn\u0119\u0142y do nas z Atlantic City (NJ) ,gdzie podczas minionego weekend rozegrano VII Mi\u0119dzynarodowe Mistrzostwach USA w Karate Kyokushin , Startowa\u0142o ponad 200 karatek\u00f3w z USA, Polski i Kanady, w tym reprezentacje polonijnych kluch\u00f3w z Chicago \u2013 KANKU Karate Club sensei Les\u0142awa Samitowskiego i Seiken Dojo Karate Nakamura sensei Marka Ociesielskiego.<br \/>\nJak przekaza\u0142 nam w\u0142\u0105\u015bciciel klubnu KANKU Les\u0142aw Samitowski, w mistrzostwach Ameryki w Atlantic Citty mistrzostwach mia\u0142 tylko trzech reprezentant\u00f3w, ale wywalczyli oni cztery z\u0142ote medale.<br \/>\n.Tytu\u0142y wywalczyli:<br \/>\n* Valeriia Chikildina zdoby\u0142a z\u0142oty medal w kata (formy),<br \/>\n* Sebastian Bonis\u0142awski zdoby\u0142 dwa tytu\u0142y.<br \/>\n\u2022 Battulga Jurmed wywalczy\u0142 tytu\u0142 mistrzowski w kategorii kumite (walki).<br \/>\nZawodnnikow klubu KANKU do startu w ,mistrzostwach przygotowal Bruno Drab kt\u00f3ry z klubem KANKU zwi\u0105zany jest od pocz\u0105tku jego istnienia, czyli od 36 lat,.<\/p>\n<p>*******************************<br \/>\nSilna, du\u017ca ekipa Seiken Dojo Karate Nakamura w Roselle t\u00f3wnie\u017c uczestniczy\u0142a w VII Mi\u0119dzynarodowych Mistrzostwach Stan\u00f3w Zjednoczonych USA w Atlantic City i po raz kolejny za notowa\u0142a duzy sukces Zawodnicy i zawodniczki na codzie\u0144 trenuj\u0105cy pod okiem Sensei Marka Ociesielskiego w Seiken Dojo Karate Nakamura w Roselle zdobyli 25 ( 9 z\u0142otych , 9 srebrnych i 7 br\u0105zowych ) medal,i zar\u00f3wno w kata jaki i kumite, dzi\u0119ki czemu w og\u00f3lnej punktacji Zaj\u0119li pierwsze Miejsce dru\u017cynowo<\/p>\n<p><a href=\"https:\/\/www.ksiazeksport.com\/polsports\/wp-content\/uploads\/2025\/02\/IMG_0403.jpg\"><img decoding=\"async\" loading=\"lazy\" class=\"aligncenter size-full wp-image-33204\" src=\"https:\/\/www.ksiazeksport.com\/polsports\/wp-content\/uploads\/2025\/02\/IMG_0403.jpg\" alt=\"\" width=\"550\" height=\"309\" srcset=\"https:\/\/www.ksiazeksport.com\/polsports\/wp-content\/uploads\/2025\/02\/IMG_0403.jpg 550w, https:\/\/www.ksiazeksport.com\/polsports\/wp-content\/uploads\/2025\/02\/IMG_0403-300x169.jpg 300w\" sizes=\"(max-width: 550px) 100vw, 550px\" \/><\/a><br \/>\n. Z\u0142ote medale i tytu\u0142y Mistrz\u00f3w USA Karate Kyokushin zdobyli : Filip Milewski 2 (kata i w walce)<br \/>\n, Ania Staniszewski dwa ( kata i walka ),<br \/>\nPiotr Palecki dwa (kata i walka),<br \/>\nGabrysia Godek &#8211; kumite , Marcel Lampart &#8211; kumite ,<br \/>\nAmelia &#8211; Liszka Kumite .<br \/>\nJak poinformowa\u0142 nas Sensei Marek , wszyscy jego zawodnicy zas\u0142uguj\u0105 na ogromne s\u0142owa uznania za ogrom pracy jak\u0105 wykonali.<br \/>\nR\u00f3wnie\u017c wielkie podzi\u0119kowania dla rodzic\u00f3w i os\u00f3b nam towarzysz\u0105cych w tych mistrzostwach .<a href=\"https:\/\/www.ksiazeksport.com\/polsports\/wp-content\/uploads\/2025\/02\/FullSizeR0072.jpg\"><img decoding=\"async\" loading=\"lazy\" class=\"aligncenter size-full wp-image-33208\" src=\"https:\/\/www.ksiazeksport.com\/polsports\/wp-content\/uploads\/2025\/02\/FullSizeR0072.jpg\" alt=\"\" width=\"550\" height=\"413\" srcset=\"https:\/\/www.ksiazeksport.com\/polsports\/wp-content\/uploads\/2025\/02\/FullSizeR0072.jpg 550w, https:\/\/www.ksiazeksport.com\/polsports\/wp-content\/uploads\/2025\/02\/FullSizeR0072-300x225.jpg 300w\" sizes=\"(max-width: 550px) 100vw, 550px\" \/><\/a> <a href=\"https:\/\/www.ksiazeksport.com\/polsports\/wp-content\/uploads\/2025\/02\/FullSizeR0062.jpg\"><img decoding=\"async\" loading=\"lazy\" class=\"aligncenter size-full wp-image-33209\" src=\"https:\/\/www.ksiazeksport.com\/polsports\/wp-content\/uploads\/2025\/02\/FullSizeR0062.jpg\" alt=\"\" width=\"550\" height=\"564\" srcset=\"https:\/\/www.ksiazeksport.com\/polsports\/wp-content\/uploads\/2025\/02\/FullSizeR0062.jpg 550w, https:\/\/www.ksiazeksport.com\/polsports\/wp-content\/uploads\/2025\/02\/FullSizeR0062-293x300.jpg 293w\" sizes=\"(max-width: 550px) 100vw, 550px\" \/><\/a><br \/>\nSpecjalna podzi\u0119kowania dla Shihana Piotra Sawickiego (6 DAN), kt\u00f3ry przylecia\u0142 z Polski, aby nas wspiera\u0107. Shihan Piotr poprowadzi w najbli\u017csz\u0105 niedziel\u0119 9 lutego o godzinie 10 am w Seiken Dojo seminarium, na kt\u00f3re wszystkich serdecznie zapraszamy. Tel 708-600-6847 .<\/p>\n","protected":false},"excerpt":{"rendered":"<p>\u00b7 Pomy\u015blne wie\u015bci nap\u0142yn\u0119\u0142y do nas z Atlantic City (NJ) ,gdzie podczas minionego weekend rozegrano VII Mi\u0119dzynarodowe Mistrzostwach USA w Karate Kyokushin , Startowa\u0142o ponad 200 karatek\u00f3w z USA, Polski i Kanady, w tym reprezentacje polonijnych kluch\u00f3w z Chicago \u2013 KANKU Karate Club sensei Les\u0142awa Samitowskiego i Seiken Dojo Karate Nakamura sensei Marka Ociesielskiego. Jak [&#8230;]\n","protected":false},"author":3,"featured_media":0,"comment_status":"closed","ping_status":"closed","sticky":false,"template":"","format":"standard","meta":[],"categories":[11],"tags":[],"_links":{"self":[{"href":"https:\/\/www.ksiazeksport.com\/polsports\/wp-json\/wp\/v2\/posts\/33203"}],"collection":[{"href":"https:\/\/www.ksiazeksport.com\/polsports\/wp-json\/wp\/v2\/posts"}],"about":[{"href":"https:\/\/www.ksiazeksport.com\/polsports\/wp-json\/wp\/v2\/types\/post"}],"author":[{"embeddable":true,"href":"https:\/\/www.ksiazeksport.com\/polsports\/wp-json\/wp\/v2\/users\/3"}],"replies":[{"embeddable":true,"href":"https:\/\/www.ksiazeksport.com\/polsports\/wp-json\/wp\/v2\/comments?post=33203"}],"version-history":[{"count":5,"href":"https:\/\/www.ksiazeksport.com\/polsports\/wp-json\/wp\/v2\/posts\/33203\/revisions"}],"predecessor-version":[{"id":33212,"href":"https:\/\/www.ksiazeksport.com\/polsports\/wp-json\/wp\/v2\/posts\/33203\/revisions\/33212"}],"wp:attachment":[{"href":"https:\/\/www.ksiazeksport.com\/polsports\/wp-json\/wp\/v2\/media?parent=33203"}],"wp:term":[{"taxonomy":"category","embeddable":true,"href":"https:\/\/www.ksiazeksport.com\/polsports\/wp-json\/wp\/v2\/categories?post=33203"},{"taxonomy":"post_tag","embeddable":true,"href":"https:\/\/www.ksiazeksport.com\/polsports\/wp-json\/wp\/v2\/tags?post=33203"}],"curies":[{"name":"wp","href":"https:\/\/api.w.org\/{rel}","templated":true}]}}