{"id":32978,"date":"2024-11-06T18:52:20","date_gmt":"2024-11-06T22:52:20","guid":{"rendered":"https:\/\/www.ksiazeksport.com\/polsports\/?p=32978"},"modified":"2024-11-06T18:56:19","modified_gmt":"2024-11-06T22:56:19","slug":"startuja-karatecy","status":"publish","type":"post","link":"https:\/\/www.ksiazeksport.com\/polsports\/startuja-karatecy\/","title":{"rendered":"Startuj\u0105 karatecy"},"content":{"rendered":"<p>Podczas nadchodz\u0105cego weekendu czekaj\u0105 nas dwie powa\u017cne imprezy w karate kyokushin. W obu nie zabraknie polonijnych karatek\u00f3w.. W Chile na All American Championship, czyli mistrzostwach Ameryki Po\u0142udniowej i P\u00f3\u0142nocnej i chicagowskich karatek\u00f3w reprezentowa\u0107 b\u0119dzie Sebastiian Bonis\u0142awski w kat. \u015bredniej z Kyokushin Karate Club KANKU. Mistrzostwa w C hil organizuje Kyokushin World Federation , kt\u00f3rej prezydentem na Ameryk\u0119 P\u00f3\u0142nocn\u0105 jest szef KANKU \u2013 Les\u0142aw Samitowski.<br \/>\nPodczas tego samego weekendu<\/p>\n<p>Podczas nadchodz\u0105cego weekendu czekaj\u0105 nas dwie powa\u017cne imprezy w karate kyokushin. W obu nie zabraknie polonijnych karatek\u00f3w.. W Chile na All American Championship, czyli mistrzostwach Ameryki Po\u0142udniowej i P\u00f3\u0142nocnej i chicagowskich karatek\u00f3w reprezentowa\u0107 b\u0119dzie Sebastiian Bonis\u0142awski w kat. \u015bredniej z Kyokushin Karate Club KANKU. Mistrzostwa w Chilel organizuje Kyokushin World Federation , kt\u00f3rej prezydentem na Ameryk\u0119 P\u00f3\u0142nocn\u0105 jest szef KANKU \u2013 Les\u0142aw Samitowski.<br \/>\nPodczas tego samego weekendu w Rochester w stanie N. Jork wagowe mistrzostwa Ameryki w katate kyokushin. Z Chicago uczestniczy\u0107 w nich b\u0119dzie silna grupa Seiken Dojo, prowadzona przez Marka Ociesielskiego, Liczymjy na medale! B\u0119dzie tak\u017ce grupa klubu KANKU , z przewaga mloldziezy w sk\u0142adzie.<\/p>\n<p>&nbsp;<\/p>\n<p>w Rochester w stanie N. Jork wagowe mistrzostwa Ameryki w katate kyokushin Z Chicago uczestniczy\u0107 w nich b\u0119dzie silna grupa Seiken Dojo, prowadzona przez Marka Ociesielskiego, Liczyjy na medale! B\u0119dzie tak\u017ce grupa klubu KANKU , z przewaga mloldziezy w sk\u0142adzie.<\/p>\n<p>&nbsp;<\/p>\n","protected":false},"excerpt":{"rendered":"<p>Podczas nadchodz\u0105cego weekendu czekaj\u0105 nas dwie powa\u017cne imprezy w karate kyokushin. W obu nie zabraknie polonijnych karatek\u00f3w.. W Chile na All American Championship, czyli mistrzostwach Ameryki Po\u0142udniowej i P\u00f3\u0142nocnej i chicagowskich karatek\u00f3w reprezentowa\u0107 b\u0119dzie Sebastiian Bonis\u0142awski w kat. \u015bredniej z Kyokushin Karate Club KANKU. Mistrzostwa w C hil organizuje Kyokushin World Federation , kt\u00f3rej prezydentem [&#8230;]\n","protected":false},"author":3,"featured_media":0,"comment_status":"closed","ping_status":"closed","sticky":false,"template":"","format":"standard","meta":[],"categories":[11],"tags":[],"_links":{"self":[{"href":"https:\/\/www.ksiazeksport.com\/polsports\/wp-json\/wp\/v2\/posts\/32978"}],"collection":[{"href":"https:\/\/www.ksiazeksport.com\/polsports\/wp-json\/wp\/v2\/posts"}],"about":[{"href":"https:\/\/www.ksiazeksport.com\/polsports\/wp-json\/wp\/v2\/types\/post"}],"author":[{"embeddable":true,"href":"https:\/\/www.ksiazeksport.com\/polsports\/wp-json\/wp\/v2\/users\/3"}],"replies":[{"embeddable":true,"href":"https:\/\/www.ksiazeksport.com\/polsports\/wp-json\/wp\/v2\/comments?post=32978"}],"version-history":[{"count":3,"href":"https:\/\/www.ksiazeksport.com\/polsports\/wp-json\/wp\/v2\/posts\/32978\/revisions"}],"predecessor-version":[{"id":32981,"href":"https:\/\/www.ksiazeksport.com\/polsports\/wp-json\/wp\/v2\/posts\/32978\/revisions\/32981"}],"wp:attachment":[{"href":"https:\/\/www.ksiazeksport.com\/polsports\/wp-json\/wp\/v2\/media?parent=32978"}],"wp:term":[{"taxonomy":"category","embeddable":true,"href":"https:\/\/www.ksiazeksport.com\/polsports\/wp-json\/wp\/v2\/categories?post=32978"},{"taxonomy":"post_tag","embeddable":true,"href":"https:\/\/www.ksiazeksport.com\/polsports\/wp-json\/wp\/v2\/tags?post=32978"}],"curies":[{"name":"wp","href":"https:\/\/api.w.org\/{rel}","templated":true}]}}