{"id":32823,"date":"2024-09-23T16:35:25","date_gmt":"2024-09-23T20:35:25","guid":{"rendered":"https:\/\/www.ksiazeksport.com\/polsports\/?p=32823"},"modified":"2024-09-23T16:35:25","modified_gmt":"2024-09-23T20:35:25","slug":"karatecy-seiken-dojo-przed-startem-w-ms-w-japonii","status":"publish","type":"post","link":"https:\/\/www.ksiazeksport.com\/polsports\/karatecy-seiken-dojo-przed-startem-w-ms-w-japonii\/","title":{"rendered":"Karatecy Seiken Dojo przed startem w M\u015a w Japonii"},"content":{"rendered":"<p>\u2026 Ju\u017c w najbli\u017csz\u0105 \u015brod\u0119 25 wrze\u015bnia kadra karatek\u00f3w trenuj\u0105cych na co dzie\u0144 w Seiken Dojo Karate Kyokushin Nakamura w Roselle pod okiem Sensei Marka Ociesielskigo po raz kolejny wylatuje do Japonii, gdzie w najbli\u017cszy weekend 28i 29 wrze\u015bnia w Osace odb\u0119d\u0105 si\u0119 Mistrzostwa \u015awiata Karate Kyokushin Nakamura .<br \/>\nW tej najwa\u017cniejszej Imprezie barwy Stan\u00f3w Zjednoczonych jak i r\u00f3wnie\u017c naszej<br \/>\nchicagowskiej Polonii b\u0119d\u0105 reprezentowa\u0107:<br \/>\n\u2022 Marek Ociesielski kt\u00f3ry b\u0119dzie broni\u0142 tytu\u0142 Mistrza \u015awiata z 2023 roku<br \/>\n\u2022 * Adriana Koszyk ( rok temu zdoby\u0142a br\u0105zowy medal MS );<br \/>\n\u2022 * Karol Nasuta , Mistrz \u015awiata z 2019 roku , Emilka Ciezadlo , Natasha Babuscka , bracia Stasiu i Piotr Palecki oraz<br \/>\n\u2022 * Mateusz Nieszala kt\u00f3ry w niedziel\u0119 29 wrze\u015bnia b\u0119dzie walczy\u0142 w\u015br\u00f3d 32 najlepszych karatek\u00f3w , wytypowany z ca\u0142ego \u015bwiata do Mistrzostwa \u015awiata Karate Kyokushin w Kategorii Open czyli bez podzia\u0142\u00f3w na kategorii wagowe . W tamtym roku w tych zawodach wzi\u0119\u0142o udzia\u0142 ponad tysi\u0105c zawodnik\u00f3w i zawodniczek karate z ca\u0142ego \u015bwiata !!!<br \/>\n\u2022 Nasi Karatecy prosz\u0105 o wsparcie i trzymanie kciuk\u00f3w za ich udany start .<\/p>\n<p><a href=\"https:\/\/www.ksiazeksport.com\/polsports\/wp-content\/uploads\/2024\/09\/IMG_84420051.jpg\"><img decoding=\"async\" loading=\"lazy\" class=\"aligncenter size-full wp-image-32822\" src=\"https:\/\/www.ksiazeksport.com\/polsports\/wp-content\/uploads\/2024\/09\/IMG_84420051.jpg\" alt=\"\" width=\"550\" height=\"547\" srcset=\"https:\/\/www.ksiazeksport.com\/polsports\/wp-content\/uploads\/2024\/09\/IMG_84420051.jpg 550w, https:\/\/www.ksiazeksport.com\/polsports\/wp-content\/uploads\/2024\/09\/IMG_84420051-300x298.jpg 300w, https:\/\/www.ksiazeksport.com\/polsports\/wp-content\/uploads\/2024\/09\/IMG_84420051-150x150.jpg 150w\" sizes=\"(max-width: 550px) 100vw, 550px\" \/><\/a><\/p>\n","protected":false},"excerpt":{"rendered":"<p>\u2026 Ju\u017c w najbli\u017csz\u0105 \u015brod\u0119 25 wrze\u015bnia kadra karatek\u00f3w trenuj\u0105cych na co dzie\u0144 w Seiken Dojo Karate Kyokushin Nakamura w Roselle pod okiem Sensei Marka Ociesielskigo po raz kolejny wylatuje do Japonii, gdzie w najbli\u017cszy weekend 28i 29 wrze\u015bnia w Osace odb\u0119d\u0105 si\u0119 Mistrzostwa \u015awiata Karate Kyokushin Nakamura . W tej najwa\u017cniejszej Imprezie barwy Stan\u00f3w [&#8230;]\n","protected":false},"author":3,"featured_media":0,"comment_status":"closed","ping_status":"closed","sticky":false,"template":"","format":"standard","meta":[],"categories":[11],"tags":[],"_links":{"self":[{"href":"https:\/\/www.ksiazeksport.com\/polsports\/wp-json\/wp\/v2\/posts\/32823"}],"collection":[{"href":"https:\/\/www.ksiazeksport.com\/polsports\/wp-json\/wp\/v2\/posts"}],"about":[{"href":"https:\/\/www.ksiazeksport.com\/polsports\/wp-json\/wp\/v2\/types\/post"}],"author":[{"embeddable":true,"href":"https:\/\/www.ksiazeksport.com\/polsports\/wp-json\/wp\/v2\/users\/3"}],"replies":[{"embeddable":true,"href":"https:\/\/www.ksiazeksport.com\/polsports\/wp-json\/wp\/v2\/comments?post=32823"}],"version-history":[{"count":1,"href":"https:\/\/www.ksiazeksport.com\/polsports\/wp-json\/wp\/v2\/posts\/32823\/revisions"}],"predecessor-version":[{"id":32824,"href":"https:\/\/www.ksiazeksport.com\/polsports\/wp-json\/wp\/v2\/posts\/32823\/revisions\/32824"}],"wp:attachment":[{"href":"https:\/\/www.ksiazeksport.com\/polsports\/wp-json\/wp\/v2\/media?parent=32823"}],"wp:term":[{"taxonomy":"category","embeddable":true,"href":"https:\/\/www.ksiazeksport.com\/polsports\/wp-json\/wp\/v2\/categories?post=32823"},{"taxonomy":"post_tag","embeddable":true,"href":"https:\/\/www.ksiazeksport.com\/polsports\/wp-json\/wp\/v2\/tags?post=32823"}],"curies":[{"name":"wp","href":"https:\/\/api.w.org\/{rel}","templated":true}]}}