{"id":27511,"date":"2021-01-28T20:35:26","date_gmt":"2021-01-29T00:35:26","guid":{"rendered":"http:\/\/www.ksiazeksport.com\/polsports\/?p=27511"},"modified":"2021-01-28T20:35:26","modified_gmt":"2021-01-29T00:35:26","slug":"przed-rajdowym-sezonem","status":"publish","type":"post","link":"https:\/\/www.ksiazeksport.com\/polsports\/przed-rajdowym-sezonem\/","title":{"rendered":"Przed rajdowym sezonem&#8230;"},"content":{"rendered":"<p>&nbsp;<\/p>\n<p>Pocz\u0105tek sezonu w rajdach samochodowych ju\u017c za miesi\u0105c. Rozpoczynaj\u0105cy zwykle sezon\u00a0 Sno* \u2019Drift Rally zosta\u0142 przesuni\u0119ty ze stycznia na 20 lutego; Pozostaje jedynym\u00a0 zimowym\u00a0 w cyklu eliminacji American Rally Association, ale b\u0119dzie w tym roku rajdem jednodniowym. Na li\u015bcie zg\u0142osze\u0144 ponad 50 nazwisk, Obada bardzo silna,\u00a0 m. in. dwaj kierowcy zespo\u0142u fabrycznego Subaru \u2013 Travis Pastrana i Bredon Semenuk oraz broni\u0105cy tytulu mistrza Ameryki \u2013 Barry McKenna.\u00a0 W tej tr\u00f3jce nale\u017cy upatrywa\u0107 zwyci\u0119zc\u0119.<\/p>\n<p>Do rajdu zg\u0142osi\u0142 si\u0119 tak\u017ce Piotr Fetela z greckim pilotem A. Mantopoulosem.,\u00a0 na\u00a0 \u201e2017 Fordzie Fiesta Proto\u201d. Start\u00a0 Piotra nie jest jednak jeszcze pewny. Jak nam powiedzia\u0142, w okresie pandemii wielu sponsor\u00f3w wstrzyma\u0142o\u00a0 si\u0119 ze wsparciem rajdowych pr\u00f3b. Poza tym Piotr zn\u00f3w odczuwa skutki pami\u0119tnej kraksy w 2016 roku. Kierowca pozostaje w leczeniu, bowiem prawa r\u0119ka nie jest w pe\u0142ni sprawna.<!--more--><\/p>\n<p>W planie ARA na ten rok przewidziano 9 eliminacji, ale nie wiadomo czy wszystkie dojd\u0105 do skutku. Przed rokiem tak\u017ce mia\u0142o by\u0107 dziewi\u0119\u0107 start\u00f3w, a przeprowadzono tylko 5 eliminacji rajdowych. Fetela uczestniczy\u0142\u00a0 tylko w dw\u00f3ch\u00a0 z nich, zajmuj\u0105c w ko\u0144cowej klasyfikacji pi\u0105te miejsce &#8211; ze strat\u0105 tylko dw\u00f3ch punkt\u00f3w do czwartego w klasyfikacji kierowcy<\/p>\n<p>&nbsp;<\/p>\n","protected":false},"excerpt":{"rendered":"<p>&nbsp; Pocz\u0105tek sezonu w rajdach samochodowych ju\u017c za miesi\u0105c. Rozpoczynaj\u0105cy zwykle sezon\u00a0 Sno* \u2019Drift Rally zosta\u0142 przesuni\u0119ty ze stycznia na 20 lutego; Pozostaje jedynym\u00a0 zimowym\u00a0 w cyklu eliminacji American Rally Association, ale b\u0119dzie w tym roku rajdem jednodniowym. Na li\u015bcie zg\u0142osze\u0144 ponad 50 nazwisk, Obada bardzo silna,\u00a0 m. in. dwaj kierowcy zespo\u0142u fabrycznego Subaru \u2013 [&#8230;]\n","protected":false},"author":3,"featured_media":0,"comment_status":"open","ping_status":"open","sticky":false,"template":"","format":"standard","meta":[],"categories":[10],"tags":[],"_links":{"self":[{"href":"https:\/\/www.ksiazeksport.com\/polsports\/wp-json\/wp\/v2\/posts\/27511"}],"collection":[{"href":"https:\/\/www.ksiazeksport.com\/polsports\/wp-json\/wp\/v2\/posts"}],"about":[{"href":"https:\/\/www.ksiazeksport.com\/polsports\/wp-json\/wp\/v2\/types\/post"}],"author":[{"embeddable":true,"href":"https:\/\/www.ksiazeksport.com\/polsports\/wp-json\/wp\/v2\/users\/3"}],"replies":[{"embeddable":true,"href":"https:\/\/www.ksiazeksport.com\/polsports\/wp-json\/wp\/v2\/comments?post=27511"}],"version-history":[{"count":1,"href":"https:\/\/www.ksiazeksport.com\/polsports\/wp-json\/wp\/v2\/posts\/27511\/revisions"}],"predecessor-version":[{"id":27512,"href":"https:\/\/www.ksiazeksport.com\/polsports\/wp-json\/wp\/v2\/posts\/27511\/revisions\/27512"}],"wp:attachment":[{"href":"https:\/\/www.ksiazeksport.com\/polsports\/wp-json\/wp\/v2\/media?parent=27511"}],"wp:term":[{"taxonomy":"category","embeddable":true,"href":"https:\/\/www.ksiazeksport.com\/polsports\/wp-json\/wp\/v2\/categories?post=27511"},{"taxonomy":"post_tag","embeddable":true,"href":"https:\/\/www.ksiazeksport.com\/polsports\/wp-json\/wp\/v2\/tags?post=27511"}],"curies":[{"name":"wp","href":"https:\/\/api.w.org\/{rel}","templated":true}]}}