{"id":27348,"date":"2020-11-26T19:08:36","date_gmt":"2020-11-26T23:08:36","guid":{"rendered":"http:\/\/www.ksiazeksport.com\/polsports\/?p=27348"},"modified":"2020-11-26T19:08:36","modified_gmt":"2020-11-26T23:08:36","slug":"piotr-fetela-piaty-na-mecie-sezonu","status":"publish","type":"post","link":"https:\/\/www.ksiazeksport.com\/polsports\/piotr-fetela-piaty-na-mecie-sezonu\/","title":{"rendered":"Piotr Fetela pi\u0105ty na mecie sezonu"},"content":{"rendered":"<p>Piotr Fetela zaj\u0105\u0142 ostatecznie pi\u0105te miejsce z 27 punktami w klasyfikacji najlepszych kierowc\u00f3w Ameryki w roku 2020 (ARA). Trzeba jednak pami\u0119ta\u0107, \u017ce Fetela \u2013 jako jedyny ze \u015bcis\u0142ej czo\u0142\u00f3wki &#8211;\u00a0 startowa\u0142 tylko w dw\u00f3ch z pi\u0119ciu tegorocznych eliminacji.\u00a0 Ko\u0144cowy triumf zapewni\u0142 sobie wcze\u015bniej Barry McKenna z bilansem 100 pkt, kt\u00f3ry wyprzedzi\u0142 dw\u00f3ch kierowc\u00f3w ekipy fabrycznej Subaru &#8211; Brendona Semeniuka 67 pkt i Traversa Pastrane 50 pkt, Tylko o trzy punkty lepszy od Feteli jest czwarty w klasyfikacji t Jeff Seehorn. Gdyby Piotr wzi\u0105\u0142 udzia\u0142 w jeszcze jednej eliminacji, przeskoczy\u0142by Seehorna. Ale czwarte miejsce to absolutnie wszystko na co sta\u0107 obecnie chicagowskiego\u00a0 kierowc\u0119, dysponuj\u0105cego zdecydowanie gorszym autem i to nie tylko od tych, kt\u00f3rzy s\u0105 klasyfikowani przed nim.\u00a0 .<\/p>\n<p><a href=\"http:\/\/www.ksiazeksport.com\/polsports\/wp-content\/uploads\/2020\/11\/DSC08705.jpg\"><img decoding=\"async\" loading=\"lazy\" class=\"aligncenter size-full wp-image-27349\" src=\"http:\/\/www.ksiazeksport.com\/polsports\/wp-content\/uploads\/2020\/11\/DSC08705.jpg\" alt=\"DSC08705\" width=\"550\" height=\"309\" srcset=\"https:\/\/www.ksiazeksport.com\/polsports\/wp-content\/uploads\/2020\/11\/DSC08705.jpg 550w, https:\/\/www.ksiazeksport.com\/polsports\/wp-content\/uploads\/2020\/11\/DSC08705-300x169.jpg 300w\" sizes=\"(max-width: 550px) 100vw, 550px\" \/><\/a><strong><em>Czy na takim samochodzie (Ford Fiesta R5) wystartuje Piotr Fetela w przyszlym roku? \u00a0 \u00a0 \u00a0 \u00a0 \u00a0 \u00a0\u00a0 \u00a0\u00a0 Foto &#8211; Tomasz Czupryna<\/em><\/strong><\/p>\n<p><!--more--><br \/>\nCzwarta lokata na mecie sezonu nie jest szczytem marze\u0144 ambitnego kierowcy. Fetela\u00a0 chyba przymierza si\u0119 do zmiany auta. Mo\u017ce dlatego odpu\u015bci\u0142 dwie ostatnie eliminujcie, a wybra\u0142 si\u0119 na regionalny\u00a0 rajd do stanu N Jork, gdzie testowa\u0142 \u2013 zreszt\u0105 z powodzeniem, zaj\u0105\u0142 bowiem drugie miejsce &#8211; wypo\u017cyczony Ford Fiesta\u00a0 R5, samoch\u00f3d mog\u0105cy rywalizowa\u0107\u00a0 z najlepszymi..<\/p>\n<p>Warta w rywalizacji z profesjonalistami<br \/>\nPomimo zakaz\u00f3w, na sobot\u0119\u00a0 12 grudnia zapowiadany jest mini turniej halowy z udzia\u0142em trzech zespo\u0142\u00f3w zawodowej ligi halowej PASL\u00a0 i&#8230;..Warty Chicago, Obok niej w turnieju\u00a0 wezm\u0105 udzia\u0142:\u00a0 Chicago Mustangs, Brew City Legends FC z Milwaukee\u00a0 oraz\u00a0 International Detroit (Michigan) . Turniej rozegrany zostanie w Grand Sports Arena w Hoffman Estates. Pierwsze mecze o 6 wieczorem. Warta na pocz\u0105tek spotka si\u0119\u00a0 z Brew City Legends FC.<br \/>\nNatomiast na 2 stycznia Warta zosta\u0142a\u00a0 zaproszona do du\u017cego\u00a0 (12 zespo\u0142\u00f3w) turnieju halowego w Milwaukee. .<\/p>\n","protected":false},"excerpt":{"rendered":"<p>Piotr Fetela zaj\u0105\u0142 ostatecznie pi\u0105te miejsce z 27 punktami w klasyfikacji najlepszych kierowc\u00f3w Ameryki w roku 2020 (ARA). Trzeba jednak pami\u0119ta\u0107, \u017ce Fetela \u2013 jako jedyny ze \u015bcis\u0142ej czo\u0142\u00f3wki &#8211;\u00a0 startowa\u0142 tylko w dw\u00f3ch z pi\u0119ciu tegorocznych eliminacji.\u00a0 Ko\u0144cowy triumf zapewni\u0142 sobie wcze\u015bniej Barry McKenna z bilansem 100 pkt, kt\u00f3ry wyprzedzi\u0142 dw\u00f3ch kierowc\u00f3w ekipy fabrycznej [&#8230;]\n","protected":false},"author":3,"featured_media":0,"comment_status":"open","ping_status":"open","sticky":false,"template":"","format":"standard","meta":[],"categories":[10],"tags":[],"_links":{"self":[{"href":"https:\/\/www.ksiazeksport.com\/polsports\/wp-json\/wp\/v2\/posts\/27348"}],"collection":[{"href":"https:\/\/www.ksiazeksport.com\/polsports\/wp-json\/wp\/v2\/posts"}],"about":[{"href":"https:\/\/www.ksiazeksport.com\/polsports\/wp-json\/wp\/v2\/types\/post"}],"author":[{"embeddable":true,"href":"https:\/\/www.ksiazeksport.com\/polsports\/wp-json\/wp\/v2\/users\/3"}],"replies":[{"embeddable":true,"href":"https:\/\/www.ksiazeksport.com\/polsports\/wp-json\/wp\/v2\/comments?post=27348"}],"version-history":[{"count":1,"href":"https:\/\/www.ksiazeksport.com\/polsports\/wp-json\/wp\/v2\/posts\/27348\/revisions"}],"predecessor-version":[{"id":27350,"href":"https:\/\/www.ksiazeksport.com\/polsports\/wp-json\/wp\/v2\/posts\/27348\/revisions\/27350"}],"wp:attachment":[{"href":"https:\/\/www.ksiazeksport.com\/polsports\/wp-json\/wp\/v2\/media?parent=27348"}],"wp:term":[{"taxonomy":"category","embeddable":true,"href":"https:\/\/www.ksiazeksport.com\/polsports\/wp-json\/wp\/v2\/categories?post=27348"},{"taxonomy":"post_tag","embeddable":true,"href":"https:\/\/www.ksiazeksport.com\/polsports\/wp-json\/wp\/v2\/tags?post=27348"}],"curies":[{"name":"wp","href":"https:\/\/api.w.org\/{rel}","templated":true}]}}