{"id":26870,"date":"2020-06-25T21:28:24","date_gmt":"2020-06-26T01:28:24","guid":{"rendered":"http:\/\/www.ksiazeksport.com\/polsports\/?p=26870"},"modified":"2020-06-25T21:30:16","modified_gmt":"2020-06-26T01:30:16","slug":"karatecy-na-obozie-w-indianie","status":"publish","type":"post","link":"https:\/\/www.ksiazeksport.com\/polsports\/karatecy-na-obozie-w-indianie\/","title":{"rendered":"Karatecy na obozie w Indianie"},"content":{"rendered":"<p>35-osobowa grupa m\u0142odzie\u017cy Karate Club KANKU przebywa obecnie na zgrupowaniu\u00a0 w o\u015brodku Bielava ( Indiana). Szefem zgrupowania\u00a0 jest sensei Les\u0142aw Samitowski, a w prowadzeniu zaj\u0119\u0107 pomagaj\u0105 m. in, Bruno Drab, MagdaDrab i Karina R\u00f3g.<br \/>\nBielava to malowniczo po\u0142o\u017cony o\u015brodek w \u015brodku lasu, ok. 2 godziny jazdy od Chicago, z miejscami noclegowymi dla takiej liczby przyjezdnych .<!--more--><br \/>\nZ powodu trwaj\u0105cego wci\u0105\u017c w Illinois zakazu organizowania imprez sportowych musiano odwo\u0142a\u0107 zapowiadane na wrzesie\u0144, organizowane przez klub KANKU \u201d International\u00a0 American Karate Kyokushin Champions\u201d. Taka decyzja musia\u0142a zosta\u0107 podj\u0119ta, gdy\u017c dla licz\u0105cych si\u0119 w \u015bwiecie karate zawodnik\u00f3w z Rosji i by\u0142ych republik Zwi\u0105zku So-wieckiego termin wyst\u0105pienia o wizy do USA to a\u017c 6 miesi\u0119cy.. Z tego samego powodu nie odb\u0119d\u0105 si\u0119 planowane na listopad\u00a0 w Krakowie mistrzostwa \u015bwiata w karate\u00a0 kyokush<\/p>\n","protected":false},"excerpt":{"rendered":"<p>35-osobowa grupa m\u0142odzie\u017cy Karate Club KANKU przebywa obecnie na zgrupowaniu\u00a0 w o\u015brodku Bielava ( Indiana). Szefem zgrupowania\u00a0 jest sensei Les\u0142aw Samitowski, a w prowadzeniu zaj\u0119\u0107 pomagaj\u0105 m. in, Bruno Drab, MagdaDrab i Karina R\u00f3g. Bielava to malowniczo po\u0142o\u017cony o\u015brodek w \u015brodku lasu, ok. 2 godziny jazdy od Chicago, z miejscami noclegowymi dla takiej liczby przyjezdnych [&#8230;]\n","protected":false},"author":3,"featured_media":0,"comment_status":"open","ping_status":"open","sticky":false,"template":"","format":"standard","meta":[],"categories":[11],"tags":[],"_links":{"self":[{"href":"https:\/\/www.ksiazeksport.com\/polsports\/wp-json\/wp\/v2\/posts\/26870"}],"collection":[{"href":"https:\/\/www.ksiazeksport.com\/polsports\/wp-json\/wp\/v2\/posts"}],"about":[{"href":"https:\/\/www.ksiazeksport.com\/polsports\/wp-json\/wp\/v2\/types\/post"}],"author":[{"embeddable":true,"href":"https:\/\/www.ksiazeksport.com\/polsports\/wp-json\/wp\/v2\/users\/3"}],"replies":[{"embeddable":true,"href":"https:\/\/www.ksiazeksport.com\/polsports\/wp-json\/wp\/v2\/comments?post=26870"}],"version-history":[{"count":1,"href":"https:\/\/www.ksiazeksport.com\/polsports\/wp-json\/wp\/v2\/posts\/26870\/revisions"}],"predecessor-version":[{"id":26871,"href":"https:\/\/www.ksiazeksport.com\/polsports\/wp-json\/wp\/v2\/posts\/26870\/revisions\/26871"}],"wp:attachment":[{"href":"https:\/\/www.ksiazeksport.com\/polsports\/wp-json\/wp\/v2\/media?parent=26870"}],"wp:term":[{"taxonomy":"category","embeddable":true,"href":"https:\/\/www.ksiazeksport.com\/polsports\/wp-json\/wp\/v2\/categories?post=26870"},{"taxonomy":"post_tag","embeddable":true,"href":"https:\/\/www.ksiazeksport.com\/polsports\/wp-json\/wp\/v2\/tags?post=26870"}],"curies":[{"name":"wp","href":"https:\/\/api.w.org\/{rel}","templated":true}]}}