{"id":26577,"date":"2020-01-25T23:49:28","date_gmt":"2020-01-26T03:49:28","guid":{"rendered":"http:\/\/www.ksiazeksport.com\/polsports\/?p=26577"},"modified":"2020-01-26T14:18:38","modified_gmt":"2020-01-26T18:18:38","slug":"piotr-fetela-drugi-w-sno-drift-rally","status":"publish","type":"post","link":"https:\/\/www.ksiazeksport.com\/polsports\/piotr-fetela-drugi-w-sno-drift-rally\/","title":{"rendered":"Piotr Fetela drugi w Sno* Drift Rally"},"content":{"rendered":"<p>Od drugiego miejsca rozpocz\u0105\u0142 nowy sezon Piotr Fetela. Czwarty rajdowiec mistrzostw Ameryki, w pierwszej tegorocznej eliminacji,\u00a0 zimowym Sno*Drift Rally w Michigan zaj\u0105\u0142 drugie miejsce. Przegra\u0142 tylko z Barry McKenna, kt\u00f3ry dysponuje du\u017co lepszym, silniejszym, znacznie l\u017cejszym\u00a0 autem. Planem Piotra na ten rajd by\u0142o\u00a0 drugie miejsce i plan zosta\u0142 wykonany.<\/p>\n<p><a href=\"http:\/\/www.ksiazeksport.com\/polsports\/wp-content\/uploads\/2020\/01\/DSC06766.jpg\"><img decoding=\"async\" loading=\"lazy\" class=\"aligncenter size-full wp-image-26580\" src=\"http:\/\/www.ksiazeksport.com\/polsports\/wp-content\/uploads\/2020\/01\/DSC06766.jpg\" alt=\"DSC06766\" width=\"550\" height=\"309\" srcset=\"https:\/\/www.ksiazeksport.com\/polsports\/wp-content\/uploads\/2020\/01\/DSC06766.jpg 550w, https:\/\/www.ksiazeksport.com\/polsports\/wp-content\/uploads\/2020\/01\/DSC06766-300x169.jpg 300w\" sizes=\"(max-width: 550px) 100vw, 550px\" \/><\/a><em><strong>Piotr Fetela i jego pilot Kamil Heller z trofeami za drugie miesjce\u00a0\u00a0\u00a0\u00a0\u00a0\u00a0\u00a0\u00a0\u00a0\u00a0\u00a0 Foto &#8211; Tomasz\u00a0 Czupryna<\/strong><\/em><!--more--><\/p>\n<p>&nbsp;<\/p>\n<p>Rajd rozgrywany by\u0142 w bardzo trudnych warunkach \u2013\u00a0 pod rozmok\u0142ym \u015bniegiem miejscami by\u0142 l\u00f3d, miejscami \u017cwir. W tych warunkach dob\u00f3r opon mia\u0142 du\u017ce znaczenie. Z 14 odcink\u00f3w specjalnych Piotr Fetela wygra\u0142 tylko jeden\u00a0 &#8211; drugi, pokonuj\u0105c\u00a0 o10 sek. McKenna.Fetela straci\u0142 w ko\u0144cowej klasyfikacji do\u00a0 zdobywcy\u00a0 pierwszego miejsca 4,42 min, ale nast\u0119pnego za nim\u00a0 pokona\u0142\u00a0 a\u017c o 8.57 min.<br \/>\nZabrak\u0142o na starcie kierowc\u00f3w fabrycznej ekipy Subaru, chocia\u017c aktualny mistrz Ameryki \u2013 David Higgins ogl\u0105da\u0142 jazd\u0119 rywali.<br \/>\nPiotr Fetela pojecha\u0142 w tym rajdzie z nowym r, przyby\u0142ym z Polski Kamilem Hellerem.<br \/>\n\u2019Oto wyniki<\/p>\n<p><strong>1.\u00a0\u00a0 \u00a0B.McKenna\/J.Patrick Fulton, 2011 RP\u00a0 &#8211; 103,173 min<\/strong><br \/>\n<strong>2.\u00a0\u00a0 \u00a0Piotr Ftela\/Kamil Heller 2018 Ford Fiesta FRT Proto \u2013 strata 4.43 min<\/strong><br \/>\n<strong>3.\u00a0\u00a0 \u00a0Z. Jacques\/R.JAcqyes, 2015Subary WRX \u2013 strata do Feteli 8.57 min. <\/strong><\/p>\n<p><a href=\"http:\/\/www.ksiazeksport.com\/polsports\/wp-content\/uploads\/2020\/01\/DSC06529.jpg\"><img decoding=\"async\" loading=\"lazy\" class=\"aligncenter size-full wp-image-26581\" src=\"http:\/\/www.ksiazeksport.com\/polsports\/wp-content\/uploads\/2020\/01\/DSC06529.jpg\" alt=\"DSC06529\" width=\"550\" height=\"309\" srcset=\"https:\/\/www.ksiazeksport.com\/polsports\/wp-content\/uploads\/2020\/01\/DSC06529.jpg 550w, https:\/\/www.ksiazeksport.com\/polsports\/wp-content\/uploads\/2020\/01\/DSC06529-300x169.jpg 300w\" sizes=\"(max-width: 550px) 100vw, 550px\" \/><\/a>\u00a0\u00a0\u00a0\u00a0\u00a0\u00a0\u00a0 <strong><em>Foto &#8211; Tomasz Czupryna<\/em><\/strong><\/p>\n","protected":false},"excerpt":{"rendered":"<p>Od drugiego miejsca rozpocz\u0105\u0142 nowy sezon Piotr Fetela. Czwarty rajdowiec mistrzostw Ameryki, w pierwszej tegorocznej eliminacji,\u00a0 zimowym Sno*Drift Rally w Michigan zaj\u0105\u0142 drugie miejsce. Przegra\u0142 tylko z Barry McKenna, kt\u00f3ry dysponuje du\u017co lepszym, silniejszym, znacznie l\u017cejszym\u00a0 autem. Planem Piotra na ten rajd by\u0142o\u00a0 drugie miejsce i plan zosta\u0142 wykonany. Piotr Fetela i jego pilot Kamil [&#8230;]\n","protected":false},"author":3,"featured_media":0,"comment_status":"open","ping_status":"open","sticky":false,"template":"","format":"standard","meta":[],"categories":[10],"tags":[],"_links":{"self":[{"href":"https:\/\/www.ksiazeksport.com\/polsports\/wp-json\/wp\/v2\/posts\/26577"}],"collection":[{"href":"https:\/\/www.ksiazeksport.com\/polsports\/wp-json\/wp\/v2\/posts"}],"about":[{"href":"https:\/\/www.ksiazeksport.com\/polsports\/wp-json\/wp\/v2\/types\/post"}],"author":[{"embeddable":true,"href":"https:\/\/www.ksiazeksport.com\/polsports\/wp-json\/wp\/v2\/users\/3"}],"replies":[{"embeddable":true,"href":"https:\/\/www.ksiazeksport.com\/polsports\/wp-json\/wp\/v2\/comments?post=26577"}],"version-history":[{"count":3,"href":"https:\/\/www.ksiazeksport.com\/polsports\/wp-json\/wp\/v2\/posts\/26577\/revisions"}],"predecessor-version":[{"id":26582,"href":"https:\/\/www.ksiazeksport.com\/polsports\/wp-json\/wp\/v2\/posts\/26577\/revisions\/26582"}],"wp:attachment":[{"href":"https:\/\/www.ksiazeksport.com\/polsports\/wp-json\/wp\/v2\/media?parent=26577"}],"wp:term":[{"taxonomy":"category","embeddable":true,"href":"https:\/\/www.ksiazeksport.com\/polsports\/wp-json\/wp\/v2\/categories?post=26577"},{"taxonomy":"post_tag","embeddable":true,"href":"https:\/\/www.ksiazeksport.com\/polsports\/wp-json\/wp\/v2\/tags?post=26577"}],"curies":[{"name":"wp","href":"https:\/\/api.w.org\/{rel}","templated":true}]}}