{"id":24935,"date":"2019-02-24T23:14:09","date_gmt":"2019-02-25T03:14:09","guid":{"rendered":"http:\/\/www.ksiazeksport.com\/polsports\/?p=24935"},"modified":"2019-02-25T10:07:25","modified_gmt":"2019-02-25T14:07:25","slug":"piotr-fetela-polonusem-roku","status":"publish","type":"post","link":"https:\/\/www.ksiazeksport.com\/polsports\/piotr-fetela-polonusem-roku\/","title":{"rendered":"Piotr Fetela Polonusem Roku"},"content":{"rendered":"<p>Podczas 19.Karna\u0142owego Balu Wietrznego Radia w salach bankietowyc \u201eChateau Ritz\u201d w Niles wr\u0119czono doroczne Polonusy Roku. W dziedzinie sportu Polonusem Roku 2018 zosta\u0142 kierowca rajdowy PIOTR FETELA. To drugie jego zwyci\u0119stwo w tym plebiscycie.\u00a0 Z\u0142otego honorowego Polonusa odebra\u0142 bokser Andrzej Go\u0142ota.<\/p>\n<p><a href=\"http:\/\/www.ksiazeksport.com\/polsports\/wp-content\/uploads\/2019\/02\/Bal-Wietrznedg-Radia-2018.jpg\"><img decoding=\"async\" loading=\"lazy\" class=\"aligncenter size-full wp-image-24936\" src=\"http:\/\/www.ksiazeksport.com\/polsports\/wp-content\/uploads\/2019\/02\/Bal-Wietrznedg-Radia-2018.jpg\" alt=\"Bal-Wietrznedg-Radia-2018\" width=\"550\" height=\"319\" srcset=\"https:\/\/www.ksiazeksport.com\/polsports\/wp-content\/uploads\/2019\/02\/Bal-Wietrznedg-Radia-2018.jpg 550w, https:\/\/www.ksiazeksport.com\/polsports\/wp-content\/uploads\/2019\/02\/Bal-Wietrznedg-Radia-2018-300x174.jpg 300w\" sizes=\"(max-width: 550px) 100vw, 550px\" \/><\/a><strong><em>Na zdj\u0119ciu laureaci wraz z organizatorami red. Januszem Bosowkim i red. Maciejem Baranem w komplecie\u00a0 \u00a0 \u00a0 \u00a0 \u00a0 \u00a0 \u00a0 \u00a0 \u00a0<\/em><\/strong><strong><em>Foto \u2013 Victor Studio<\/em><\/strong><\/p>\n","protected":false},"excerpt":{"rendered":"<p>Podczas 19.Karna\u0142owego Balu Wietrznego Radia w salach bankietowyc \u201eChateau Ritz\u201d w Niles wr\u0119czono doroczne Polonusy Roku. W dziedzinie sportu Polonusem Roku 2018 zosta\u0142 kierowca rajdowy PIOTR FETELA. To drugie jego zwyci\u0119stwo w tym plebiscycie.\u00a0 Z\u0142otego honorowego Polonusa odebra\u0142 bokser Andrzej Go\u0142ota. Na zdj\u0119ciu laureaci wraz z organizatorami red. Januszem Bosowkim i red. Maciejem Baranem w [&#8230;]\n","protected":false},"author":3,"featured_media":0,"comment_status":"open","ping_status":"open","sticky":false,"template":"","format":"standard","meta":[],"categories":[10,25],"tags":[],"_links":{"self":[{"href":"https:\/\/www.ksiazeksport.com\/polsports\/wp-json\/wp\/v2\/posts\/24935"}],"collection":[{"href":"https:\/\/www.ksiazeksport.com\/polsports\/wp-json\/wp\/v2\/posts"}],"about":[{"href":"https:\/\/www.ksiazeksport.com\/polsports\/wp-json\/wp\/v2\/types\/post"}],"author":[{"embeddable":true,"href":"https:\/\/www.ksiazeksport.com\/polsports\/wp-json\/wp\/v2\/users\/3"}],"replies":[{"embeddable":true,"href":"https:\/\/www.ksiazeksport.com\/polsports\/wp-json\/wp\/v2\/comments?post=24935"}],"version-history":[{"count":2,"href":"https:\/\/www.ksiazeksport.com\/polsports\/wp-json\/wp\/v2\/posts\/24935\/revisions"}],"predecessor-version":[{"id":24940,"href":"https:\/\/www.ksiazeksport.com\/polsports\/wp-json\/wp\/v2\/posts\/24935\/revisions\/24940"}],"wp:attachment":[{"href":"https:\/\/www.ksiazeksport.com\/polsports\/wp-json\/wp\/v2\/media?parent=24935"}],"wp:term":[{"taxonomy":"category","embeddable":true,"href":"https:\/\/www.ksiazeksport.com\/polsports\/wp-json\/wp\/v2\/categories?post=24935"},{"taxonomy":"post_tag","embeddable":true,"href":"https:\/\/www.ksiazeksport.com\/polsports\/wp-json\/wp\/v2\/tags?post=24935"}],"curies":[{"name":"wp","href":"https:\/\/api.w.org\/{rel}","templated":true}]}}