{"id":21831,"date":"2017-10-10T22:45:41","date_gmt":"2017-10-11T02:45:41","guid":{"rendered":"http:\/\/www.ksiazeksport.com\/polsports\/?p=21831"},"modified":"2017-10-10T22:45:41","modified_gmt":"2017-10-11T02:45:41","slug":"piotr-fetela-powraca-2","status":"publish","type":"post","link":"https:\/\/www.ksiazeksport.com\/polsports\/piotr-fetela-powraca-2\/","title":{"rendered":"Piotr Fetela powraca&#8230;"},"content":{"rendered":"<p>Po ponad rocznej przerwie na rajdowe szlaki powraca drugi wicemistrz\u00a0 Ameryki z roku 2015 \u2013 Piotr Fetela. Blisko rok trwa\u0142a budowa dla niego nowego auta. Rajd\u00f3wk\u0105 dla Feteli powsta\u0142a w Poslce. Jakie jest to auto\u00a0 i czy b\u0119dzie w stanie konkurowa\u0107 z najlepszymi? To \u201e2017 Ford Fiesta Proto\u201d. Od dw\u00f3ch tygodni auto jest ju\u017c na miejscu, na razie w&#8230; gara\u017cu Piotra. Czym si\u0119 r\u00f3\u017cni od tych, kt\u00f3re rywalizuj\u0105 na ameryka\u0144skich trasach? Oto przekazane przez Piotra Fetel\u0119 pierwsze informacje o jego nowym rajdowym poje\u017adzie. <!--more--><\/p>\n<p>&#8211; <em>Poka\u017ce si\u0119 z tym autem na ostatniej eliminacji Rally America \u2013 \u201eLake Superior Performance Rally\u201d, kt\u00f3ry rozegrany zostanie w dniach 20-21 pa\u017adziernika. Z moim pilotem Dominiakiem J\u00f3\u017awiakiem wystartuj\u0119 w tym rajdzie, ale\u00a0 pojad\u0119 wy\u0142\u0105cznie testowo, by sprawdzi\u0107 samoch\u00f3d.\u00a0 \u017badnego \u015bcigania si\u0119. O nic nie walcz\u0119 w tym rajdzie, jad\u0119 wy\u0142\u0105cznie po to, by przetestowa\u0107 samoch\u00f3d. Rajdowe \u015bciganie zaczn\u0119 dopiero po nowym roku.<\/em><br \/>\n<em>\u00a0Najpierw trzeba nauczy\u0107 si\u0119 nim je\u017adzi\u0107, bo to ca\u0142kiem inne auto od tych, kt\u00f3re mia\u0142em do tej pory &#8211; inna budowa, inna aerodynamika. To samoch\u00f3d bardzo mocno zaawansowany elektronicznie, troch\u0119 mocniejszy, poza tym inna skrzynia bieg\u00f3w, lepsze hamulce.<\/em>.<br \/>\nZa kilka dni na tej stronie poka\u017cemy zdj\u0119cie nowego rajdowego\u00a0 auta Piotra Feteli.<\/p>\n","protected":false},"excerpt":{"rendered":"<p>Po ponad rocznej przerwie na rajdowe szlaki powraca drugi wicemistrz\u00a0 Ameryki z roku 2015 \u2013 Piotr Fetela. Blisko rok trwa\u0142a budowa dla niego nowego auta. Rajd\u00f3wk\u0105 dla Feteli powsta\u0142a w Poslce. Jakie jest to auto\u00a0 i czy b\u0119dzie w stanie konkurowa\u0107 z najlepszymi? To \u201e2017 Ford Fiesta Proto\u201d. Od dw\u00f3ch tygodni auto jest ju\u017c na [&#8230;]\n","protected":false},"author":3,"featured_media":0,"comment_status":"open","ping_status":"open","sticky":false,"template":"","format":"standard","meta":[],"categories":[10],"tags":[],"_links":{"self":[{"href":"https:\/\/www.ksiazeksport.com\/polsports\/wp-json\/wp\/v2\/posts\/21831"}],"collection":[{"href":"https:\/\/www.ksiazeksport.com\/polsports\/wp-json\/wp\/v2\/posts"}],"about":[{"href":"https:\/\/www.ksiazeksport.com\/polsports\/wp-json\/wp\/v2\/types\/post"}],"author":[{"embeddable":true,"href":"https:\/\/www.ksiazeksport.com\/polsports\/wp-json\/wp\/v2\/users\/3"}],"replies":[{"embeddable":true,"href":"https:\/\/www.ksiazeksport.com\/polsports\/wp-json\/wp\/v2\/comments?post=21831"}],"version-history":[{"count":1,"href":"https:\/\/www.ksiazeksport.com\/polsports\/wp-json\/wp\/v2\/posts\/21831\/revisions"}],"predecessor-version":[{"id":21832,"href":"https:\/\/www.ksiazeksport.com\/polsports\/wp-json\/wp\/v2\/posts\/21831\/revisions\/21832"}],"wp:attachment":[{"href":"https:\/\/www.ksiazeksport.com\/polsports\/wp-json\/wp\/v2\/media?parent=21831"}],"wp:term":[{"taxonomy":"category","embeddable":true,"href":"https:\/\/www.ksiazeksport.com\/polsports\/wp-json\/wp\/v2\/categories?post=21831"},{"taxonomy":"post_tag","embeddable":true,"href":"https:\/\/www.ksiazeksport.com\/polsports\/wp-json\/wp\/v2\/tags?post=21831"}],"curies":[{"name":"wp","href":"https:\/\/api.w.org\/{rel}","templated":true}]}}