{"id":20837,"date":"2017-02-28T00:07:54","date_gmt":"2017-02-28T04:07:54","guid":{"rendered":"http:\/\/www.ksiazeksport.com\/polsports\/?p=20837"},"modified":"2017-02-28T13:59:14","modified_gmt":"2017-02-28T17:59:14","slug":"uzbrojmy-sie-w-cierpliwosc","status":"publish","type":"post","link":"https:\/\/www.ksiazeksport.com\/polsports\/uzbrojmy-sie-w-cierpliwosc\/","title":{"rendered":"Uzbr\u00f3jmy si\u0119 w cierpliwo\u015b\u0107"},"content":{"rendered":"<p><strong>ROZMOWA Z SPORTOWYM POLONUSEM ROKU &#8211; PIOTREM FETEL\u0104<\/strong><\/p>\n<p>&#8220;W roku 2015 przebojem wtargn\u0105\u0142 do czo\u0142\u00f3wki rajdowc\u00f3w Ameryki zdobywaj\u0105c tytu\u0142 drugiego wicemistrza\u00a0 USA. Rok 2016 rozpocz\u0105\u0142 od sensacyjnego zwyci\u0119stwa w I eliminacji rajdowych mistrzostw USA \u2013 Sno\u2018 Drift\u00a0 w Michigan. Zosta\u0142 drugim po Sobies\u0142awie Zasadzie Polakiem, kt\u00f3ry triumfowa\u0142 w brdzo silnie obsadzonym ameryka\u0144skim rajdzie. Zasada uczyni\u0142 to kilkadziesi\u0105t lat temu. A taka sztuka nie uda\u0142a si\u0119 p\u00f3\u017aniej nawet tak znakomitym kierowcom, jak nie\u017cyj\u0105cy ju\u017c\u00a0 Janusz Kulig czy Krzysztof Ho\u0142owczyc.<br \/>\nNiestety dalszy ci\u0105g ostatniego sezonu nie by\u0142 dla Feteli udany. Bardzo gro\u017ana kraksa, podczas drugiej elimiancji, z kt\u00f3rej cudem wyszedl niemal bez szwanku, za to z skasowanm samochodem,\u00a0 wykluczyla go na kilka miesiecy z rywalizacji. Po zdobyciu<\/p>\n<p><a href=\"http:\/\/www.ksiazeksport.com\/polsports\/wp-content\/uploads\/2017\/02\/22201.png\"><img decoding=\"async\" loading=\"lazy\" class=\"aligncenter size-full wp-image-20839\" title=\"2220\" src=\"http:\/\/www.ksiazeksport.com\/polsports\/wp-content\/uploads\/2017\/02\/22201.png\" alt=\"\" width=\"532\" height=\"382\" srcset=\"https:\/\/www.ksiazeksport.com\/polsports\/wp-content\/uploads\/2017\/02\/22201.png 532w, https:\/\/www.ksiazeksport.com\/polsports\/wp-content\/uploads\/2017\/02\/22201-300x215.png 300w\" sizes=\"(max-width: 532px) 100vw, 532px\" \/><\/a><\/p>\n<p><em><strong>Piotr Fetela na Balu Wietrznego Radia po otrzymaniu wyr\u00f3\u017cninia; obok jeden z organizator\u00f3w &#8211; Maciek Baran<\/strong><\/em><\/p>\n<p>nowego auta, pr\u00f3bowa\u0142 wr\u00f3ci\u0107, ale nie wystarczy\u0142o ju\u017c\u00a0 czasu na wje\u017cd\u017cenie si\u0119 w nowy sprz\u0119t. Oby kolejny sezon okaza\u0142 si\u0119 wielkim powrotem Piotra.&#8221;<!--more--><\/p>\n<p>Tak przedstawiali\u015bmy sylwetk\u0119 Piotra Feteli w grudniu ub. roku, gdy znalaz\u0142 si\u0119 on w pi\u0105tce kandydat\u00f3w do zaszczytnego wyr\u00f3\u017cnienia, przyznawanego rokrocznie przez redakcje Wietrznego Radia (Polski FM).<br \/>\nPodczas sobotniego Balu Wietrznego Radia og\u0142oszone zosta\u0142y rezultaty plebiscyytu \u2013 jak si\u0119 okaza\u0142o \u2013 fan\u00f3w sportu rajdowego i Piotra Feteli by\u0142o najwi\u0119cej.<br \/>\n***.<br \/>\n<strong><em>&#8211; Zacz\u0105\u0142 si\u0119 nowy sezon. Kiedy zobaczmy ci\u0119 na rajdowych szlakach?<\/em><\/strong><br \/>\n<em>Niestety niepr\u0119dko. Jestem s trakcie budowy ca\u0142kowicie nowego pojazdu rajdowego. A to kosztuje. Musia\u0142em sprzeda\u0107 moje Subaaru 2007, ale i tak nie mam jeszcze dopi\u0119tego bud\u017cetu. <\/em><br \/>\n<strong><em>&#8211; Co to b\u0119dzie za samoch\u00f3d?<\/em><\/strong><br \/>\n<em>&#8211; Szczeg\u00f3\u0142\u00f3w na razie nie mog\u0119 zdradzi\u0107, ma\u00a0 to by\u0107 rajd\u00f3wka z najwy\u017cszej p\u00f3\u0142ki, Model Polo, ale nie Volkswagen, do kt\u00f3rego przymierza\u0142em si\u0119 wcze\u015bniej. Powiem tylko tyle, \u017ce auto buduje si\u0119 w&#8230; Polsce. Tam odb\u0119d\u0105 si\u0119 pierwsze testy, i dopiero wtedy <\/em><\/p>\n<p><a href=\"http:\/\/www.ksiazeksport.com\/polsports\/wp-content\/uploads\/2017\/02\/2209.png\"><img decoding=\"async\" loading=\"lazy\" class=\"aligncenter size-full wp-image-20840\" title=\"2209\" src=\"http:\/\/www.ksiazeksport.com\/polsports\/wp-content\/uploads\/2017\/02\/2209.png\" alt=\"\" width=\"550\" height=\"366\" srcset=\"https:\/\/www.ksiazeksport.com\/polsports\/wp-content\/uploads\/2017\/02\/2209.png 550w, https:\/\/www.ksiazeksport.com\/polsports\/wp-content\/uploads\/2017\/02\/2209-300x199.png 300w\" sizes=\"(max-width: 550px) 100vw, 550px\" \/><\/a><strong><em>Laureat w otoczeniu organizator\u00f3w -Janusza Bosowskiego i Ma\u0107ka Barana<\/em><\/strong><\/p>\n<p><em>1moja nowa rajd\u00f3wka przewieziona zostanie do USA. Mam nadzieje, ze nast\u0105pi to gdzie\u015b w po\u0142owie sezonu. Dlattego apelj\u0119 do moich fan\u00f3w:; uzbr\u00f3jcie si\u0119 w\u00a0 cierpliwo\u015b\u0107. Na pewno wr\u00f3c\u0119 do \u015bcigania.<\/em><br \/>\n<em>&#8211;<\/em><strong> A w ameryka\u0144skich rajdach nast\u0105pi\u0105 w tym roku istotne zmiany&#8230;<\/strong><br \/>\n<em>\u2019- Tak, powsta\u0142a nowa organizacja, kt\u00f3ra organizuje rajdy w USA i Kanadzie. Za nami ju\u017c pierwszy zimowy rajd w\u00a0 Kanadzie. Przenios\u0142a si\u0119 do niej wi\u0119kszo\u015b\u0107 czo\u0142owych <\/em><\/p>\n<p><a href=\"http:\/\/www.ksiazeksport.com\/polsports\/wp-content\/uploads\/2017\/02\/2200.png\"><img decoding=\"async\" loading=\"lazy\" class=\"aligncenter size-full wp-image-20841\" title=\"2200\" src=\"http:\/\/www.ksiazeksport.com\/polsports\/wp-content\/uploads\/2017\/02\/2200.png\" alt=\"\" width=\"550\" height=\"427\" srcset=\"https:\/\/www.ksiazeksport.com\/polsports\/wp-content\/uploads\/2017\/02\/2200.png 550w, https:\/\/www.ksiazeksport.com\/polsports\/wp-content\/uploads\/2017\/02\/2200-300x232.png 300w\" sizes=\"(max-width: 550px) 100vw, 550px\" \/><\/a><em><strong>Piotr Fetela z Przemkiem Garczarczykiem i Ma\u0107kiem Baranem<\/strong><\/em><\/p>\n<p><em>kierowc\u00f3w, w tym za\u0142ogi fabrycznego teamu Subaru America. Zreszta Subaru jest g\u0142\u00f3wnym sponsorem nowej organizacji.<\/em><br \/>\n<em>&#8211; <strong>A co z America Rally, kt\u00f3re\u00a0 ostatnich latach mia\u0142o niejako monopol na organizowanie rajd\u00f3w w USA?<\/strong><\/em><br \/>\n<em>&#8211; Nie bardzo wiadomo, jak to si\u0119 potoczy. Na razie w pierwszym zimowym rajdzie dotychczasowej organizacji \u2013Sno\u2019Drift w Michigan, obsada bla bardzo s\u0142aba. Nie przyjechali kierowcy z czo\u0142\u00f3wki. Wygl\u0105da\u0142o to raczej na rajd regionalny. Wpad\u0142y\u00a0 z programu rajdy na Zachodnim Wybrze\u017cu, przyby\u0142o ich w\u00a0 Strefie Midwest.<\/em><br \/>\n<em>Ten rok zapowiada si jako ok przej\u015bciowy i trudno dzi\u015b przewidzie\u0107, kt\u00f3ra z organizacji stanie si\u0119 wiod\u0105c\u0105, przejmie wi\u0119cej najlepszych kierowc\u00f3w. Dlatego mo\u017ce i dobrze, \u017ce w tym przej\u015bciowym okresie\u00a0 &#8211; z powodu budowy auta \u2013 b\u0119d\u0119 mia\u0142 przymusow\u0105 <\/em><\/p>\n<p><a href=\"http:\/\/www.ksiazeksport.com\/polsports\/wp-content\/uploads\/2017\/02\/2509.png\"><img decoding=\"async\" loading=\"lazy\" class=\"aligncenter size-full wp-image-20842\" title=\"2509\" src=\"http:\/\/www.ksiazeksport.com\/polsports\/wp-content\/uploads\/2017\/02\/2509.png\" alt=\"\" width=\"550\" height=\"410\" srcset=\"https:\/\/www.ksiazeksport.com\/polsports\/wp-content\/uploads\/2017\/02\/2509.png 550w, https:\/\/www.ksiazeksport.com\/polsports\/wp-content\/uploads\/2017\/02\/2509-300x223.png 300w\" sizes=\"(max-width: 550px) 100vw, 550px\" \/><\/a><\/p>\n<p><em>przerw\u0119. Chcia\u0142bym w\u00a0 tym sezonie wyje\u017adzi\u0107 si,e\u00a0 ca\u0142kowicie nowy dla mnie sprz\u0119t, dobrze go przetestowa\u0107, a walk\u0119 z najlepszymi kierowcami Ameryki planuj\u0119 na rok\u00a0 2018.<\/em><br \/>\n<em>\u2019<strong>&#8211; Na koniec zapytam o\u00a0 zdrowie. Czy nie ma ju\u017c \u015blad\u00f3w po fatalnym wypadku z ub. roku?<\/strong><\/em><br \/>\n<em>\u00a0&#8211; Niestety, lewa r\u0119ka wci\u0105\u017c nie jest ca\u0142kowicie sprawna. Ale wierz\u0119, \u017ce i z tym si\u0119 uporam.<\/em><br \/>\n<strong><em>&#8211; Czego ci \u017cyczymy i trzymany kciuki. Po\u0142amania k\u00f3\u0142!<\/em><\/strong><\/p>\n<p><strong><em><\/em><\/strong><a href=\"http:\/\/www.ksiazeksport.com\/polsports\/wp-content\/uploads\/2017\/02\/2217.png\"><img decoding=\"async\" loading=\"lazy\" class=\"aligncenter size-full wp-image-20843\" title=\"2217\" src=\"http:\/\/www.ksiazeksport.com\/polsports\/wp-content\/uploads\/2017\/02\/2217.png\" alt=\"\" width=\"550\" height=\"510\" srcset=\"https:\/\/www.ksiazeksport.com\/polsports\/wp-content\/uploads\/2017\/02\/2217.png 550w, https:\/\/www.ksiazeksport.com\/polsports\/wp-content\/uploads\/2017\/02\/2217-300x278.png 300w\" sizes=\"(max-width: 550px) 100vw, 550px\" \/><\/a><a href=\"http:\/\/www.ksiazeksport.com\/polsports\/wp-content\/uploads\/2017\/02\/2212.png\"><img decoding=\"async\" loading=\"lazy\" class=\"aligncenter size-full wp-image-20844\" title=\"2212\" src=\"http:\/\/www.ksiazeksport.com\/polsports\/wp-content\/uploads\/2017\/02\/2212.png\" alt=\"\" width=\"550\" height=\"825\" srcset=\"https:\/\/www.ksiazeksport.com\/polsports\/wp-content\/uploads\/2017\/02\/2212.png 550w, https:\/\/www.ksiazeksport.com\/polsports\/wp-content\/uploads\/2017\/02\/2212-200x300.png 200w\" sizes=\"(max-width: 550px) 100vw, 550px\" \/><\/a><\/p>\n<p><em><strong>Rozmawia\u0142 \u2013 Wies\u0142aw Ksi\u0105\u017cek<\/strong><\/em><br \/>\n<strong><em>Zdj\u0119cia \u2013 Victor Studio<\/em><\/strong><br \/>\n<strong><em>\u00a0<\/em><\/strong><\/p>\n","protected":false},"excerpt":{"rendered":"<p>ROZMOWA Z SPORTOWYM POLONUSEM ROKU &#8211; PIOTREM FETEL\u0104 &#8220;W roku 2015 przebojem wtargn\u0105\u0142 do czo\u0142\u00f3wki rajdowc\u00f3w Ameryki zdobywaj\u0105c tytu\u0142 drugiego wicemistrza\u00a0 USA. Rok 2016 rozpocz\u0105\u0142 od sensacyjnego zwyci\u0119stwa w I eliminacji rajdowych mistrzostw USA \u2013 Sno\u2018 Drift\u00a0 w Michigan. Zosta\u0142 drugim po Sobies\u0142awie Zasadzie Polakiem, kt\u00f3ry triumfowa\u0142 w brdzo silnie obsadzonym ameryka\u0144skim rajdzie. Zasada uczyni\u0142 [&#8230;]\n","protected":false},"author":3,"featured_media":0,"comment_status":"open","ping_status":"open","sticky":false,"template":"","format":"standard","meta":[],"categories":[10],"tags":[],"_links":{"self":[{"href":"https:\/\/www.ksiazeksport.com\/polsports\/wp-json\/wp\/v2\/posts\/20837"}],"collection":[{"href":"https:\/\/www.ksiazeksport.com\/polsports\/wp-json\/wp\/v2\/posts"}],"about":[{"href":"https:\/\/www.ksiazeksport.com\/polsports\/wp-json\/wp\/v2\/types\/post"}],"author":[{"embeddable":true,"href":"https:\/\/www.ksiazeksport.com\/polsports\/wp-json\/wp\/v2\/users\/3"}],"replies":[{"embeddable":true,"href":"https:\/\/www.ksiazeksport.com\/polsports\/wp-json\/wp\/v2\/comments?post=20837"}],"version-history":[{"count":3,"href":"https:\/\/www.ksiazeksport.com\/polsports\/wp-json\/wp\/v2\/posts\/20837\/revisions"}],"predecessor-version":[{"id":20846,"href":"https:\/\/www.ksiazeksport.com\/polsports\/wp-json\/wp\/v2\/posts\/20837\/revisions\/20846"}],"wp:attachment":[{"href":"https:\/\/www.ksiazeksport.com\/polsports\/wp-json\/wp\/v2\/media?parent=20837"}],"wp:term":[{"taxonomy":"category","embeddable":true,"href":"https:\/\/www.ksiazeksport.com\/polsports\/wp-json\/wp\/v2\/categories?post=20837"},{"taxonomy":"post_tag","embeddable":true,"href":"https:\/\/www.ksiazeksport.com\/polsports\/wp-json\/wp\/v2\/tags?post=20837"}],"curies":[{"name":"wp","href":"https:\/\/api.w.org\/{rel}","templated":true}]}}